{"id":92454,"date":"2023-03-16T11:07:03","date_gmt":"2023-03-16T11:07:03","guid":{"rendered":"https:\/\/www.epralima.com\/website\/?p=92454"},"modified":"2023-03-16T11:07:44","modified_gmt":"2023-03-16T11:07:44","slug":"schools-for-gender-equity","status":"publish","type":"post","link":"https:\/\/www.epralima.com\/website\/2023\/03\/16\/schools-for-gender-equity\/","title":{"rendered":"Schools for Gender  Equity"},"content":{"rendered":"<div class=\"wpb-content-wrapper\"><p>[vc_row][vc_column][vc_empty_space empty_h=&#8221;2&#8243;][vc_custom_heading]<\/p>\n<h2>Atividade no \u00e2mbito do Projeto Erasmus + \u201cSchools for Gender\u00a0 Equity\u201d.<\/h2>\n<p>[\/vc_custom_heading][vc_column_text]No passado dia 08 de Mar\u00e7o foi desenvolvida uma atividade, junto das alunas, dos cursos ministrados em Arcos de Valdevez no \u00e2mbito do Projeto Erasmus + \u201cSchools for Gender\u00a0 Equity\u201d.<\/p>\n<p>&#8220;Schools for Gender Equity&#8221; \u00e9 uma parceria de coopera\u00e7\u00e3o de 25 meses no dom\u00ednio da Educa\u00e7\u00e3o Escolar.<br \/>\nO principal objetivo deste projeto \u00e9 sensibilizar as escolas secund\u00e1rias e a comunidade educativa para a import\u00e2ncia da participa\u00e7\u00e3o ativa e emp\u00e1tica de todos na promo\u00e7\u00e3o da igualdade de g\u00e9nero e erradicar a viol\u00eancia baseada no g\u00e9nero atrav\u00e9s da sensibiliza\u00e7\u00e3o e desenvolvimento do pensamento cr\u00edtico e criatividade.<\/p>\n<p>Os principais objetivos do projeto s\u00e3o:<\/p>\n<ul>\n<li>Melhorar as compet\u00eancias-chave dos professores, outros profissionais e atores em ensino secund\u00e1rio para promover a igualdade de g\u00e9nero com especial enfoque na erradica\u00e7\u00e3o de viol\u00eancia baseada no g\u00e9nero;<\/li>\n<li>Trocar experi\u00eancias, boas pr\u00e1ticas e metodologias entre organiza\u00e7\u00f5es de diferentes pa\u00edses europeus, a fim de educar para a igualdade de g\u00e9nero na escola;<\/li>\n<li>Conceber um guia eletr\u00f3nico com ferramentas pedag\u00f3gicas, pr\u00e1ticas, para professores e outros atores da comunidade educativa;<\/li>\n<li>a desenvolver atividades educativas de sensibiliza\u00e7\u00e3o para quest\u00f5es da igualdade de g\u00e9nero;<\/li>\n<li>Construir um espa\u00e7o de debate e reflex\u00e3o entre estudantes, professores e outros profissionais na \u00e1rea da educa\u00e7\u00e3o escolar sobre viol\u00eancia baseada no g\u00e9nero atrav\u00e9s da escrita de micro-hist\u00f3rias;<\/li>\n<li>Criar uma rede de organiza\u00e7\u00f5es, ativas no campo da educa\u00e7\u00e3o escolar, que trabalhem para a equidade de g\u00e9nero e a erradica\u00e7\u00e3o da viol\u00eancia baseada no g\u00e9nero atrav\u00e9s do sensibiliza\u00e7\u00e3o e desenvolvimento do pensamento cr\u00edtico e criatividade.<\/li>\n<\/ul>\n<p>[\/vc_column_text][vc_empty_space empty_h=&#8221;2&#8243;][vc_row_inner][vc_column_inner width=&#8221;1\/1&#8243;][vc_single_image media=&#8221;92455&#8243; media_width_percent=&#8221;100&#8243;][\/vc_column_inner][\/vc_row_inner][vc_empty_space empty_h=&#8221;2&#8243;][\/vc_column][\/vc_row]<\/p>\n<\/div>","protected":false},"excerpt":{"rendered":"<p>No passado dia 08 de Mar\u00e7o foi desenvolvida uma atividade, junto das alunas, dos cursos ministrados em Arcos de Valdevez no \u00e2mbito do Projeto Erasmus + \u201cSchools for Gender  Equity\u201d.<\/p>\n","protected":false},"author":3,"featured_media":92455,"comment_status":"closed","ping_status":"closed","sticky":false,"template":"","format":"standard","meta":{"_acf_changed":false,"om_disable_all_campaigns":false,"_monsterinsights_skip_tracking":false,"_monsterinsights_sitenote_active":false,"_monsterinsights_sitenote_note":"","_monsterinsights_sitenote_category":0,"_uf_show_specific_survey":0,"_uf_disable_surveys":false,"footnotes":""},"categories":[117,119],"tags":[],"class_list":["post-92454","post","type-post","status-publish","format-standard","has-post-thumbnail","hentry","category-ensino-profissional","category-projetos-internacionais"],"acf":[],"aioseo_notices":[],"_links":{"self":[{"href":"https:\/\/www.epralima.com\/website\/wp-json\/wp\/v2\/posts\/92454","targetHints":{"allow":["GET"]}}],"collection":[{"href":"https:\/\/www.epralima.com\/website\/wp-json\/wp\/v2\/posts"}],"about":[{"href":"https:\/\/www.epralima.com\/website\/wp-json\/wp\/v2\/types\/post"}],"author":[{"embeddable":true,"href":"https:\/\/www.epralima.com\/website\/wp-json\/wp\/v2\/users\/3"}],"replies":[{"embeddable":true,"href":"https:\/\/www.epralima.com\/website\/wp-json\/wp\/v2\/comments?post=92454"}],"version-history":[{"count":1,"href":"https:\/\/www.epralima.com\/website\/wp-json\/wp\/v2\/posts\/92454\/revisions"}],"predecessor-version":[{"id":92456,"href":"https:\/\/www.epralima.com\/website\/wp-json\/wp\/v2\/posts\/92454\/revisions\/92456"}],"wp:featuredmedia":[{"embeddable":true,"href":"https:\/\/www.epralima.com\/website\/wp-json\/wp\/v2\/media\/92455"}],"wp:attachment":[{"href":"https:\/\/www.epralima.com\/website\/wp-json\/wp\/v2\/media?parent=92454"}],"wp:term":[{"taxonomy":"category","embeddable":true,"href":"https:\/\/www.epralima.com\/website\/wp-json\/wp\/v2\/categories?post=92454"},{"taxonomy":"post_tag","embeddable":true,"href":"https:\/\/www.epralima.com\/website\/wp-json\/wp\/v2\/tags?post=92454"}],"curies":[{"name":"wp","href":"https:\/\/api.w.org\/{rel}","templated":true}]}}