{"id":89102,"date":"2020-06-20T17:14:59","date_gmt":"2020-06-20T17:14:59","guid":{"rendered":"http:\/\/epralima.com\/website\/?p=89102"},"modified":"2021-04-20T14:05:16","modified_gmt":"2021-04-20T14:05:16","slug":"global-action-days-ponte-da-barca","status":"publish","type":"post","link":"https:\/\/www.epralima.com\/website\/2020\/06\/20\/global-action-days-ponte-da-barca\/","title":{"rendered":"Global Action Days &#8211; Ponte da Barca"},"content":{"rendered":"<div class=\"wpb-content-wrapper\"><p>[vc_row][vc_column][vc_empty_space empty_h=&#8221;2&#8243;][vc_custom_heading]<\/p>\n<h2>EPRALIMA de Ponte da Barca assinala Global Action Days<\/h2>\n<p>[\/vc_custom_heading][vc_column_text]Tendo como refer\u00eancia os\u00a0<strong><em>Global Action Days<\/em><\/strong>\u00a0e o tema do Ambiente, a desenvolver no projeto de\u00a0<strong>Educa\u00e7\u00e3o para a Cidadania<\/strong>\u00a0durante o primeiro per\u00edodo,\u00a0<strong>os alunos das turmas C1 e C2, em parceria com a Associa\u00e7\u00e3o de Estudantes, realizaram na passada sexta-feira uma limpeza ao recinto escolar e espa\u00e7o envolvente de forma a sensibilizar toda a comunidade para a quest\u00e3o ambiental.<\/strong><\/p>\n<p>Segundo os alunos em quest\u00e3o \u201c esta iniciativa pretendeu dar continuidade a um projeto que surgiu no ano anterior com as turmas W e X, tendo estes criado ecopontos de madeira que foram distribu\u00eddos pelo recinto escolar, sendo que agora existem tamb\u00e9m regras afixadas para uma melhor utiliza\u00e7\u00e3o destes recipientes\u201d.<\/p>\n<p>Num futuro pr\u00f3ximo est\u00e1 ainda prevista a planta\u00e7\u00e3o de \u00e1rvores de fruto e outras a\u00e7\u00f5es que visam contribuir para a preserva\u00e7\u00e3o do meio ambiente.[\/vc_column_text][vc_empty_space empty_h=&#8221;2&#8243;][vc_single_image media=&#8221;89104&#8243; media_width_percent=&#8221;100&#8243; media_ratio=&#8221;sixteen-nine&#8221; alignment=&#8221;center&#8221;][vc_empty_space empty_h=&#8221;2&#8243;][\/vc_column][\/vc_row]<\/p>\n<\/div>","protected":false},"excerpt":{"rendered":"<p>Tendo como refer\u00eancia os Global Action Days e o tema do Ambiente os alunos das turmas C1 e C2 realizaram na passada sexta-feira uma limpeza ao recinto escolar e espa\u00e7o envolvente.<\/p>\n","protected":false},"author":1,"featured_media":89104,"comment_status":"closed","ping_status":"closed","sticky":false,"template":"","format":"standard","meta":{"_acf_changed":false,"om_disable_all_campaigns":false,"_monsterinsights_skip_tracking":false,"_monsterinsights_sitenote_active":false,"_monsterinsights_sitenote_note":"","_monsterinsights_sitenote_category":0,"_uf_show_specific_survey":0,"_uf_disable_surveys":false,"footnotes":""},"categories":[116],"tags":[],"class_list":["post-89102","post","type-post","status-publish","format-standard","has-post-thumbnail","hentry","category-epralima"],"acf":[],"aioseo_notices":[],"_links":{"self":[{"href":"https:\/\/www.epralima.com\/website\/wp-json\/wp\/v2\/posts\/89102","targetHints":{"allow":["GET"]}}],"collection":[{"href":"https:\/\/www.epralima.com\/website\/wp-json\/wp\/v2\/posts"}],"about":[{"href":"https:\/\/www.epralima.com\/website\/wp-json\/wp\/v2\/types\/post"}],"author":[{"embeddable":true,"href":"https:\/\/www.epralima.com\/website\/wp-json\/wp\/v2\/users\/1"}],"replies":[{"embeddable":true,"href":"https:\/\/www.epralima.com\/website\/wp-json\/wp\/v2\/comments?post=89102"}],"version-history":[{"count":2,"href":"https:\/\/www.epralima.com\/website\/wp-json\/wp\/v2\/posts\/89102\/revisions"}],"predecessor-version":[{"id":89226,"href":"https:\/\/www.epralima.com\/website\/wp-json\/wp\/v2\/posts\/89102\/revisions\/89226"}],"wp:featuredmedia":[{"embeddable":true,"href":"https:\/\/www.epralima.com\/website\/wp-json\/wp\/v2\/media\/89104"}],"wp:attachment":[{"href":"https:\/\/www.epralima.com\/website\/wp-json\/wp\/v2\/media?parent=89102"}],"wp:term":[{"taxonomy":"category","embeddable":true,"href":"https:\/\/www.epralima.com\/website\/wp-json\/wp\/v2\/categories?post=89102"},{"taxonomy":"post_tag","embeddable":true,"href":"https:\/\/www.epralima.com\/website\/wp-json\/wp\/v2\/tags?post=89102"}],"curies":[{"name":"wp","href":"https:\/\/api.w.org\/{rel}","templated":true}]}}