{"id":171923,"date":"2026-09-02T15:06:35","date_gmt":"2026-09-02T15:06:35","guid":{"rendered":"https:\/\/www.epralima.com\/website\/?p=171923"},"modified":"2026-09-02T15:06:35","modified_gmt":"2026-09-02T15:06:35","slug":"bem-vindos-a-epralima","status":"publish","type":"post","link":"https:\/\/www.epralima.com\/website\/2026\/09\/02\/bem-vindos-a-epralima\/","title":{"rendered":"Bem-vindos \u00e0 EPRALIMA"},"content":{"rendered":"<div class=\"wpb-content-wrapper\"><p>[vc_row][vc_column width=&#8221;1\/1&#8243;][vc_custom_heading]<\/p>\n<h2><strong>Bem-vindos \u00e0 EPRALIMA: O Teu Futuro Come\u00e7a Agora!<\/strong><\/h2>\n<p>[\/vc_custom_heading][vc_single_image media=&#8221;171924&#8243; media_width_percent=&#8221;100&#8243;][vc_empty_space empty_h=&#8221;2&#8243;][vc_column_text]Est\u00e1 a chegar o momento de arrancar para um novo ano letivo cheio de conquistas, novos desafios e aprendizagens pr\u00e1ticas.<\/p>\n<p>Para marcar o in\u00edcio desta jornada, convidamos todos os <strong>novos alunos e encarregados de educa\u00e7\u00e3o<\/strong> para a nossa Rece\u00e7\u00e3o Oficial. Este \u00e9 o momento ideal para conhecerem a escola, a equipa docente, tirarem d\u00favidas e darem os primeiros passos rumo ao sucesso profissional.<\/p>\n<p><strong>\ud83d\udcc5 Segunda-feira, 14 de Setembro<\/strong><\/p>\n<ul>\n<li><strong>Arcos de Valdevez:<\/strong> 09h30<\/li>\n<li><strong>Ponte da Barca:<\/strong> 11h30<\/li>\n<li><strong>Ponte de Lima:<\/strong> 14h30<\/li>\n<\/ul>\n<p>\ud83d\udcc5 <strong>Ter\u00e7a-feira, 15 de Setembro :: IN\u00cdCIO DAS ATIVIDADES LETIVAS ::<\/strong><\/p>\n<p><strong>\u00a0<\/strong><strong>Aos Nossos Alunos:<\/strong> Prepara-te para um ano incr\u00edvel, onde o teu talento e a tua paix\u00e3o v\u00e3o ganhar forma.<br \/>\n<strong>Aos Encarregados de Educa\u00e7\u00e3o:<\/strong> A vossa presen\u00e7a e acompanhamento s\u00e3o essenciais para garantirmos, em conjunto, o sucesso e o bem-estar dos vossos educandos nesta nova etapa.<\/p>\n<p>Contamos com todos para come\u00e7ar o ano letivo em grande![\/vc_column_text][vc_empty_space empty_h=&#8221;2&#8243;][\/vc_column][\/vc_row]<\/p>\n<\/div>","protected":false},"excerpt":{"rendered":"<p>Para marcar o in\u00edcio desta jornada, convidamos todos os novos alunos e encarregados de educa\u00e7\u00e3o para a nossa Rece\u00e7\u00e3o Oficial.<\/p>\n","protected":false},"author":3,"featured_media":171924,"comment_status":"closed","ping_status":"closed","sticky":false,"template":"","format":"standard","meta":{"_acf_changed":false,"om_disable_all_campaigns":false,"_monsterinsights_skip_tracking":false,"_monsterinsights_sitenote_active":false,"_monsterinsights_sitenote_note":"","_monsterinsights_sitenote_category":0,"_uf_show_specific_survey":0,"_uf_disable_surveys":false,"footnotes":""},"categories":[116,117],"tags":[147,284,285,286],"class_list":["post-171923","post","type-post","status-publish","format-standard","has-post-thumbnail","hentry","category-epralima","category-ensino-profissional","tag-epralima","tag-ano-letivo-26-27","tag-rececao-aos-alunos","tag-inicio-das-aulas"],"acf":[],"aioseo_notices":[],"_links":{"self":[{"href":"https:\/\/www.epralima.com\/website\/wp-json\/wp\/v2\/posts\/171923","targetHints":{"allow":["GET"]}}],"collection":[{"href":"https:\/\/www.epralima.com\/website\/wp-json\/wp\/v2\/posts"}],"about":[{"href":"https:\/\/www.epralima.com\/website\/wp-json\/wp\/v2\/types\/post"}],"author":[{"embeddable":true,"href":"https:\/\/www.epralima.com\/website\/wp-json\/wp\/v2\/users\/3"}],"replies":[{"embeddable":true,"href":"https:\/\/www.epralima.com\/website\/wp-json\/wp\/v2\/comments?post=171923"}],"version-history":[{"count":1,"href":"https:\/\/www.epralima.com\/website\/wp-json\/wp\/v2\/posts\/171923\/revisions"}],"predecessor-version":[{"id":171925,"href":"https:\/\/www.epralima.com\/website\/wp-json\/wp\/v2\/posts\/171923\/revisions\/171925"}],"wp:featuredmedia":[{"embeddable":true,"href":"https:\/\/www.epralima.com\/website\/wp-json\/wp\/v2\/media\/171924"}],"wp:attachment":[{"href":"https:\/\/www.epralima.com\/website\/wp-json\/wp\/v2\/media?parent=171923"}],"wp:term":[{"taxonomy":"category","embeddable":true,"href":"https:\/\/www.epralima.com\/website\/wp-json\/wp\/v2\/categories?post=171923"},{"taxonomy":"post_tag","embeddable":true,"href":"https:\/\/www.epralima.com\/website\/wp-json\/wp\/v2\/tags?post=171923"}],"curies":[{"name":"wp","href":"https:\/\/api.w.org\/{rel}","templated":true}]}}