{"id":170629,"date":"2026-04-29T09:48:26","date_gmt":"2026-04-29T09:48:26","guid":{"rendered":"https:\/\/www.epralima.com\/website\/?p=170629"},"modified":"2026-04-29T09:48:26","modified_gmt":"2026-04-29T09:48:26","slug":"feira-das-profissoes-do-agrupamento-de-escolas-de-freixo","status":"publish","type":"post","link":"https:\/\/www.epralima.com\/website\/2026\/04\/29\/feira-das-profissoes-do-agrupamento-de-escolas-de-freixo\/","title":{"rendered":"Feira das Profiss\u00f5es do Agrupamento de Escolas de Freixo"},"content":{"rendered":"<div class=\"wpb-content-wrapper\"><p>[vc_row][vc_column width=&#8221;1\/1&#8243;][vc_custom_heading]<\/p>\n<h2><strong>Epralima esteve em destaque na Feira das Profiss\u00f5es do Agrupamento de Escolas de Freixo<\/strong><\/h2>\n<p>[\/vc_custom_heading][vc_empty_space empty_h=&#8221;2&#8243;][vc_column_text]A manh\u00e3 de ter\u00e7a-feira, dia 28, foi marcada pela partilha de talento e compet\u00eancias!<\/p>\n<p>A <strong>Epralima<\/strong> marcou presen\u00e7a na Feira das Profiss\u00f5es do Agrupamento de Escolas de Freixo, onde os nossos alunos e formadores demonstraram, na pr\u00e1tica, a excel\u00eancia da nossa oferta formativa.<\/p>\n<p>Organizados em tr\u00eas \u00e1reas estrat\u00e9gicas, mostr\u00e1mos aos futuros alunos o que se faz de melhor em cada curso:<\/p>\n<ul>\n<li><strong>Restaura\u00e7\u00e3o e Bar:<\/strong> Um espa\u00e7o cheio de sabor, com a nossa m\u00e1quina de pipocas a fazer as del\u00edcias de todos, acompanhada por salgados, doces e sumos preparados pelos nossos alunos.<\/li>\n<li><strong>Est\u00e9tica e Cabelo:<\/strong> As nossas equipas de est\u00e9tica e cabeleireiro revelaram a sua criatividade e t\u00e9cnica, demonstrando o lado pr\u00e1tico e profissional do setor da beleza.<\/li>\n<li><strong>Tecnologias e Inova\u00e7\u00e3o:<\/strong> O futuro passou por aqui com demonstra\u00e7\u00f5es de programa\u00e7\u00e3o, desenho digital 3D e projetos de eletr\u00f3nica e automa\u00e7\u00e3o.<\/li>\n<\/ul>\n<p>Momentos como este s\u00e3o fundamentais para inspirar as escolhas profissionais dos jovens e mostrar que <strong>a forma\u00e7\u00e3o profissional \u00e9 um caminho de sucesso e inova\u00e7\u00e3o.<\/strong><\/p>\n<p data-path-to-node=\"1\"><strong>Parab\u00e9ns a todos os alunos e formadores envolvidos!<\/strong><\/p>\n<p>[\/vc_column_text][vc_gallery el_id=&#8221;gallery-137416&#8243; medias=&#8221;170632,170633,170634&#8243; gutter_size=&#8221;3&#8243; media_items=&#8221;media|lightbox|original,icon,caption,description&#8221; screen_lg=&#8221;1000&#8243; screen_md=&#8221;600&#8243; screen_sm=&#8221;480&#8243; single_overlay_opacity=&#8221;50&#8243; single_padding=&#8221;2&#8243;][vc_empty_space empty_h=&#8221;2&#8243;][\/vc_column][\/vc_row]<\/p>\n<\/div>","protected":false},"excerpt":{"rendered":"<p>Epralima esteve em Destaque na Feira das Profiss\u00f5es do Agrupamento de Escolas de Freixo<\/p>\n","protected":false},"author":3,"featured_media":170632,"comment_status":"closed","ping_status":"closed","sticky":false,"template":"","format":"standard","meta":{"_acf_changed":false,"om_disable_all_campaigns":false,"_monsterinsights_skip_tracking":false,"_monsterinsights_sitenote_active":false,"_monsterinsights_sitenote_note":"","_monsterinsights_sitenote_category":0,"_uf_show_specific_survey":0,"_uf_disable_surveys":false,"footnotes":""},"categories":[117,116],"tags":[178,180,198,207,147],"class_list":["post-170629","post","type-post","status-publish","format-standard","has-post-thumbnail","hentry","category-ensino-profissional","category-epralima","tag-ecoescolas","tag-ponte-de-lima","tag-cursos-profissionais","tag-feira-das-profissoes","tag-epralima"],"acf":[],"aioseo_notices":[],"_links":{"self":[{"href":"https:\/\/www.epralima.com\/website\/wp-json\/wp\/v2\/posts\/170629","targetHints":{"allow":["GET"]}}],"collection":[{"href":"https:\/\/www.epralima.com\/website\/wp-json\/wp\/v2\/posts"}],"about":[{"href":"https:\/\/www.epralima.com\/website\/wp-json\/wp\/v2\/types\/post"}],"author":[{"embeddable":true,"href":"https:\/\/www.epralima.com\/website\/wp-json\/wp\/v2\/users\/3"}],"replies":[{"embeddable":true,"href":"https:\/\/www.epralima.com\/website\/wp-json\/wp\/v2\/comments?post=170629"}],"version-history":[{"count":1,"href":"https:\/\/www.epralima.com\/website\/wp-json\/wp\/v2\/posts\/170629\/revisions"}],"predecessor-version":[{"id":170635,"href":"https:\/\/www.epralima.com\/website\/wp-json\/wp\/v2\/posts\/170629\/revisions\/170635"}],"wp:featuredmedia":[{"embeddable":true,"href":"https:\/\/www.epralima.com\/website\/wp-json\/wp\/v2\/media\/170632"}],"wp:attachment":[{"href":"https:\/\/www.epralima.com\/website\/wp-json\/wp\/v2\/media?parent=170629"}],"wp:term":[{"taxonomy":"category","embeddable":true,"href":"https:\/\/www.epralima.com\/website\/wp-json\/wp\/v2\/categories?post=170629"},{"taxonomy":"post_tag","embeddable":true,"href":"https:\/\/www.epralima.com\/website\/wp-json\/wp\/v2\/tags?post=170629"}],"curies":[{"name":"wp","href":"https:\/\/api.w.org\/{rel}","templated":true}]}}