{"id":170318,"date":"2026-03-16T16:52:58","date_gmt":"2026-03-16T16:52:58","guid":{"rendered":"https:\/\/www.epralima.com\/website\/?p=170318"},"modified":"2026-03-16T17:04:29","modified_gmt":"2026-03-16T17:04:29","slug":"do-douro-a-salamanca","status":"publish","type":"post","link":"https:\/\/www.epralima.com\/website\/2026\/03\/16\/do-douro-a-salamanca\/","title":{"rendered":"Do Douro a Salamanca"},"content":{"rendered":"<div class=\"wpb-content-wrapper\"><p>[vc_row][vc_column width=&#8221;1\/1&#8243;][vc_custom_heading]<\/p>\n<h2 style=\"text-align: center;\"><strong>Do Douro a Salamanca:<br \/>\n<\/strong><strong>Uma Viagem pela Cultura, Ci\u00eancia e Tradi\u00e7\u00e3o<\/strong><\/h2>\n<p>[\/vc_custom_heading][vc_empty_space empty_h=&#8221;2&#8243;][vc_gallery el_id=&#8221;gallery-137416&#8243; medias=&#8221;170321,170320,170319&#8243; gutter_size=&#8221;3&#8243; media_items=&#8221;media|lightbox|original,icon,caption,description&#8221; screen_lg=&#8221;1000&#8243; screen_md=&#8221;600&#8243; screen_sm=&#8221;480&#8243; single_overlay_opacity=&#8221;50&#8243; single_padding=&#8221;2&#8243;][vc_column_text]A nossa mais recente visita de estudo foi uma verdadeira imers\u00e3o no patrim\u00f3nio ib\u00e9rico. Entre os dias 12 e 14 de mar\u00e7o, as nossas turmas percorreram um itiner\u00e1rio que uniu a identidade das Terras de Miranda ao prest\u00edgio acad\u00e9mico de Salamanca.<\/p>\n<p><strong>Dia 1: A Alma da Terra de Miranda<\/strong><\/p>\n<p>A jornada come\u00e7ou com um mergulho profundo nas tradi\u00e7\u00f5es locais:<\/p>\n<ul>\n<li><strong><a href=\"https:\/\/www.cm-mdouro.pt\/\" target=\"_blank\" rel=\"noopener\">Miranda do Douro<\/a>:<\/strong> Na Escola Secund\u00e1ria de Miranda, assistimos a uma demonstra\u00e7\u00e3o dos <strong>Pauliteiros<\/strong>. Foi uma oportunidade \u00fanica para observar os ritmos, os trajes e a dan\u00e7a com paus que definem a identidade cultural desta regi\u00e3o.<\/li>\n<li><strong>Sendim:<\/strong> O grupo participou numa aula de <strong>Mirand\u00eas<\/strong>, a segunda l\u00edngua oficial de Portugal, refor\u00e7ando a import\u00e2ncia da preserva\u00e7\u00e3o lingu\u00edstica.<\/li>\n<li><strong>Atenor:<\/strong> Termin\u00e1mos o dia na <a href=\"https:\/\/www.aepga.pt\/\" target=\"_blank\" rel=\"noopener\"><strong>AEPGA<\/strong> (Associa\u00e7\u00e3o para o Estudo e Prote\u00e7\u00e3o do Gado Asinino)<\/a>, onde conhecemos de perto o trabalho de preserva\u00e7\u00e3o do <strong>Burro de Ra\u00e7a Mirandesa<\/strong>, uma esp\u00e9cie emblem\u00e1tica e protegida.<\/li>\n<\/ul>\n<p><strong>Dia 2: Ci\u00eancia e Com\u00e9rcio em Salamanca<\/strong><\/p>\n<p>Cruz\u00e1mos a fronteira rumo a Espanha para uma experi\u00eancia mais t\u00e9cnica e acad\u00e9mica:<\/p>\n<p><strong>Oficina de Farm\u00e1cia na Universidade<\/strong><\/p>\n<p>Na <a href=\"https:\/\/usal.es\/facultad-de-farmacia\" target=\"_blank\" rel=\"noopener\"><strong>Facultad de Farmacia da Universidade de Salamanca<\/strong><\/a>, as turmas trocaram a teoria pela pr\u00e1tica laboratorial. Os alunos realizaram a <strong>prepara\u00e7\u00e3o de um creme de m\u00e3os<\/strong>, aplicando conhecimentos cient\u00edficos num ambiente universit\u00e1rio real.<\/p>\n<p><strong>Hist\u00f3ria e Ind\u00fastria<\/strong><\/p>\n<p>A tarde foi dedicada ao <a href=\"https:\/\/museodelcomercio.es\/\" target=\"_blank\" rel=\"noopener\"><strong>Museu del Comercio y la Industria de Salamanca<\/strong><\/a>, onde explor\u00e1mos a evolu\u00e7\u00e3o econ\u00f3mica da cidade ao longo dos s\u00e9culos, compreendendo como o com\u00e9rcio moldou a sociedade atual.<\/p>\n<p><strong>Dia 3: Arte Sacra em Zamora<\/strong><\/p>\n<p>O \u00faltimo dia levou-nos at\u00e9 <strong>Zamora<\/strong> para visitar o <strong>Museu Catedral\u00edcio<\/strong>. Foi um momento de enriquecimento art\u00edstico e hist\u00f3rico, onde o grupo p\u00f4de observar:<\/p>\n<ul>\n<li>Pe\u00e7as de arte sacra e objetos lit\u00fargicos;<\/li>\n<li>Esculturas e pinturas de elevado valor hist\u00f3rico;<\/li>\n<li>O patrim\u00f3nio religioso associado \u00e0 imponente catedral da cidade.<\/li>\n<\/ul>\n<p><strong>Balan\u00e7o Final:<\/strong> Esta visita foi uma experi\u00eancia enriquecedora que combinou aprendizagem cultural, lingu\u00edstica, cient\u00edfica e hist\u00f3rica, estreitando os la\u00e7os com o patrim\u00f3nio da regi\u00e3o ib\u00e9rica.[\/vc_column_text][vc_empty_space empty_h=&#8221;2&#8243;][\/vc_column][\/vc_row]<\/p>\n<\/div>","protected":false},"excerpt":{"rendered":"<p>A nossa mais recente visita de estudo foi uma verdadeira imers\u00e3o no patrim\u00f3nio ib\u00e9rico. Entre os dias 12 e 14 de mar\u00e7o, as nossas turmas percorreram um itiner\u00e1rio que uniu a identidade das Terras de Miranda ao prest\u00edgio acad\u00e9mico de Salamanca.<\/p>\n","protected":false},"author":3,"featured_media":170322,"comment_status":"closed","ping_status":"closed","sticky":false,"template":"","format":"standard","meta":{"_acf_changed":false,"om_disable_all_campaigns":false,"_monsterinsights_skip_tracking":false,"_monsterinsights_sitenote_active":false,"_monsterinsights_sitenote_note":"","_monsterinsights_sitenote_category":0,"_uf_show_specific_survey":0,"_uf_disable_surveys":false,"footnotes":""},"categories":[116,117],"tags":[147,149,152,153,154],"class_list":["post-170318","post","type-post","status-publish","format-standard","has-post-thumbnail","hentry","category-epralima","category-ensino-profissional","tag-epralima","tag-escola-profissional","tag-salamanca","tag-miranda-do-douro","tag-mirandes"],"acf":[],"aioseo_notices":[],"_links":{"self":[{"href":"https:\/\/www.epralima.com\/website\/wp-json\/wp\/v2\/posts\/170318","targetHints":{"allow":["GET"]}}],"collection":[{"href":"https:\/\/www.epralima.com\/website\/wp-json\/wp\/v2\/posts"}],"about":[{"href":"https:\/\/www.epralima.com\/website\/wp-json\/wp\/v2\/types\/post"}],"author":[{"embeddable":true,"href":"https:\/\/www.epralima.com\/website\/wp-json\/wp\/v2\/users\/3"}],"replies":[{"embeddable":true,"href":"https:\/\/www.epralima.com\/website\/wp-json\/wp\/v2\/comments?post=170318"}],"version-history":[{"count":4,"href":"https:\/\/www.epralima.com\/website\/wp-json\/wp\/v2\/posts\/170318\/revisions"}],"predecessor-version":[{"id":170326,"href":"https:\/\/www.epralima.com\/website\/wp-json\/wp\/v2\/posts\/170318\/revisions\/170326"}],"wp:featuredmedia":[{"embeddable":true,"href":"https:\/\/www.epralima.com\/website\/wp-json\/wp\/v2\/media\/170322"}],"wp:attachment":[{"href":"https:\/\/www.epralima.com\/website\/wp-json\/wp\/v2\/media?parent=170318"}],"wp:term":[{"taxonomy":"category","embeddable":true,"href":"https:\/\/www.epralima.com\/website\/wp-json\/wp\/v2\/categories?post=170318"},{"taxonomy":"post_tag","embeddable":true,"href":"https:\/\/www.epralima.com\/website\/wp-json\/wp\/v2\/tags?post=170318"}],"curies":[{"name":"wp","href":"https:\/\/api.w.org\/{rel}","templated":true}]}}