{"id":170300,"date":"2026-03-13T09:20:46","date_gmt":"2026-03-13T09:20:46","guid":{"rendered":"https:\/\/www.epralima.com\/website\/?p=170300"},"modified":"2026-03-13T09:20:46","modified_gmt":"2026-03-13T09:20:46","slug":"2a-edicao-do-alto-minho-science-fest","status":"publish","type":"post","link":"https:\/\/www.epralima.com\/website\/2026\/03\/13\/2a-edicao-do-alto-minho-science-fest\/","title":{"rendered":"2\u00aa Edi\u00e7\u00e3o do Alto Minho Science Fest"},"content":{"rendered":"<div class=\"wpb-content-wrapper\"><p>[vc_row][vc_column width=&#8221;1\/1&#8243;][vc_custom_heading]<strong>Alunos da Epralima presentes na Abertura da 2\u00aa Edi\u00e7\u00e3o do <a href=\"https:\/\/amsfest.pt\/\" target=\"_blank\" rel=\"noopener\">Alto Minho Science Fest<\/a><\/strong>[\/vc_custom_heading][vc_empty_space empty_h=&#8221;2&#8243;][vc_gallery el_id=&#8221;gallery-137416&#8243; medias=&#8221;170301,170302,170303&#8243; gutter_size=&#8221;3&#8243; media_items=&#8221;media|lightbox|original,icon,caption,description&#8221; screen_lg=&#8221;1000&#8243; screen_md=&#8221;600&#8243; screen_sm=&#8221;480&#8243; single_overlay_opacity=&#8221;50&#8243; single_padding=&#8221;2&#8243;][vc_column_text]No \u00e2mbito da promo\u00e7\u00e3o da literacia cient\u00edfica e do contacto direto com figuras de relevo da cultura e ci\u00eancia nacional, as turmas do <strong>12\u00ba ano (H1, H2, G1 e G2)<\/strong> e do <strong>11\u00ba ano (N2)<\/strong> da Epralima marcaram presen\u00e7a na sess\u00e3o de abertura da <strong>2\u00aa edi\u00e7\u00e3o do Alto Minho Science Fest<\/strong>, um dos maiores eventos de promo\u00e7\u00e3o da cultura cient\u00edfica no Norte do pa\u00eds, este ano com o tema \u00a0<strong>\u201cC\u00e9rebro, Sa\u00fade e Bem-Estar\u201d.<\/strong><\/p>\n<p>O evento contou com uma mesa-redonda sob o mote <strong>&#8220;Gera\u00e7\u00e3o Ci\u00eancia &#8211; 30 Anos de Ci\u00eancia Viva&#8221;<\/strong>, proporcionando um debate enriquecedor sobre o percurso e o futuro da ci\u00eancia em Portugal. A discuss\u00e3o foi moderada pelo jornalista <strong>Carlos Daniel<\/strong> e contou com um painel de luxo com <strong>Pedro Abrunhosa<\/strong> (M\u00fasico e Compositor), <strong>Rosalia Vargas<\/strong> (Presidente do Comit\u00e9 Consultivo da Ci\u00eancia Viva) e <strong>Alexandre Quintanilha<\/strong> (Universidade do Porto).<\/p>\n<p>Para al\u00e9m da partilha de conhecimento, o momento foi pautado pela arte e emo\u00e7\u00e3o.<br \/>\nPedro Abrunhosa presenteou o audit\u00f3rio com a interpreta\u00e7\u00e3o de dois temas, refor\u00e7ando a liga\u00e7\u00e3o intr\u00ednseca entre a criatividade art\u00edstica e a curiosidade cient\u00edfica.<\/p>\n<p>Esta participa\u00e7\u00e3o refor\u00e7a o compromisso da Epralima em proporcionar aos seus alunos experi\u00eancias que transcendem a sala de aula, ligando-os ativamente aos grandes temas da atualidade.[\/vc_column_text][vc_empty_space empty_h=&#8221;2&#8243;][\/vc_column][\/vc_row]<\/p>\n<\/div>","protected":false},"excerpt":{"rendered":"<p>Alunos da Epralima presentes na Sess\u00e3o de Abertura da 2\u00aa Edi\u00e7\u00e3o do Alto Minho Science Fest<\/p>\n","protected":false},"author":3,"featured_media":170303,"comment_status":"closed","ping_status":"closed","sticky":false,"template":"","format":"standard","meta":{"_acf_changed":false,"om_disable_all_campaigns":false,"_monsterinsights_skip_tracking":false,"_monsterinsights_sitenote_active":false,"_monsterinsights_sitenote_note":"","_monsterinsights_sitenote_category":0,"_uf_show_specific_survey":0,"_uf_disable_surveys":false,"footnotes":""},"categories":[116,117],"tags":[147,149,150,151],"class_list":["post-170300","post","type-post","status-publish","format-standard","has-post-thumbnail","hentry","category-epralima","category-ensino-profissional","tag-epralima","tag-escola-profissional","tag-alto-minho-science-fest","tag-pedro-abrunhosa"],"acf":[],"aioseo_notices":[],"_links":{"self":[{"href":"https:\/\/www.epralima.com\/website\/wp-json\/wp\/v2\/posts\/170300","targetHints":{"allow":["GET"]}}],"collection":[{"href":"https:\/\/www.epralima.com\/website\/wp-json\/wp\/v2\/posts"}],"about":[{"href":"https:\/\/www.epralima.com\/website\/wp-json\/wp\/v2\/types\/post"}],"author":[{"embeddable":true,"href":"https:\/\/www.epralima.com\/website\/wp-json\/wp\/v2\/users\/3"}],"replies":[{"embeddable":true,"href":"https:\/\/www.epralima.com\/website\/wp-json\/wp\/v2\/comments?post=170300"}],"version-history":[{"count":1,"href":"https:\/\/www.epralima.com\/website\/wp-json\/wp\/v2\/posts\/170300\/revisions"}],"predecessor-version":[{"id":170304,"href":"https:\/\/www.epralima.com\/website\/wp-json\/wp\/v2\/posts\/170300\/revisions\/170304"}],"wp:featuredmedia":[{"embeddable":true,"href":"https:\/\/www.epralima.com\/website\/wp-json\/wp\/v2\/media\/170303"}],"wp:attachment":[{"href":"https:\/\/www.epralima.com\/website\/wp-json\/wp\/v2\/media?parent=170300"}],"wp:term":[{"taxonomy":"category","embeddable":true,"href":"https:\/\/www.epralima.com\/website\/wp-json\/wp\/v2\/categories?post=170300"},{"taxonomy":"post_tag","embeddable":true,"href":"https:\/\/www.epralima.com\/website\/wp-json\/wp\/v2\/tags?post=170300"}],"curies":[{"name":"wp","href":"https:\/\/api.w.org\/{rel}","templated":true}]}}