{"id":170270,"date":"2026-03-11T11:11:39","date_gmt":"2026-03-11T11:11:39","guid":{"rendered":"https:\/\/www.epralima.com\/website\/?p=170270"},"modified":"2026-03-11T11:11:39","modified_gmt":"2026-03-11T11:11:39","slug":"do-ensino-profissional-ao-topo-do-mundo","status":"publish","type":"post","link":"https:\/\/www.epralima.com\/website\/2026\/03\/11\/do-ensino-profissional-ao-topo-do-mundo\/","title":{"rendered":"Do Ensino Profissional ao Topo do Mundo"},"content":{"rendered":"<div class=\"wpb-content-wrapper\"><p>[vc_row][vc_column width=&#8221;1\/1&#8243;][vc_custom_heading]<strong>Do Ensino Profissional ao topo do Mundo:<br \/>\n<\/strong><strong>Ex-aluno Chef St\u00e9phane Costa renova estrela MICHELIN no <a href=\"https:\/\/blind.pt\/equipa\/\" target=\"_blank\" rel=\"noopener\">BLIND<\/a><\/strong>[\/vc_custom_heading][vc_empty_space empty_h=&#8221;2&#8243;][vc_gallery el_id=&#8221;gallery-137416&#8243; medias=&#8221;170271,170272,170273&#8243; gutter_size=&#8221;3&#8243; media_items=&#8221;media|lightbox|original,icon,caption,description&#8221; screen_lg=&#8221;1000&#8243; screen_md=&#8221;600&#8243; screen_sm=&#8221;480&#8243; single_overlay_opacity=&#8221;50&#8243; single_padding=&#8221;2&#8243;][vc_column_text]\u00c9 com um orgulho imenso que vemos o nosso <strong>ex-aluno e agora Chef Executivo St\u00e9phane Costa<\/strong> celebrar a renova\u00e7\u00e3o da <strong>Estrela MICHELIN pelo restaurante <a href=\"https:\/\/blind.pt\/equipa\/\" target=\"_blank\" rel=\"noopener\">BLIND<\/a>.<\/strong><\/p>\n<p>Ver este prestigiado reconhecimento ser mantido no <strong>Guia Michelin<\/strong> \u00e9 a prova viva de que o rigor e o talento s\u00e3o os pilares de uma carreira de excel\u00eancia no mundo da alta gastronomia.<\/p>\n<p>Para n\u00f3s, esta conquista assume um significado ainda mais profundo, uma vez que a cozinha do <strong><a href=\"https:\/\/blind.pt\/equipa\/\" target=\"_blank\" rel=\"noopener\">BLIND<\/a><\/strong> \u00e9 liderada pela vis\u00e3o e mestria do <strong>Chef St\u00e9phane Costa<\/strong>, nosso antigo aluno.<\/p>\n<p>Acompanhar o seu percurso, desde as nossas bancadas de trabalho at\u00e9 ao topo do panorama gastron\u00f3mico internacional, \u00e9 a maior recompensa que podemos receber enquanto institui\u00e7\u00e3o de ensino.<\/p>\n<p><strong>O sucesso do<\/strong> <strong>Chef St\u00e9phane<\/strong> \u00e9 o reflexo de uma dedica\u00e7\u00e3o incans\u00e1vel e de uma sensibilidade que hoje transforma cada prato numa experi\u00eancia memor\u00e1vel, servindo de inspira\u00e7\u00e3o direta para todos os jovens que agora d\u00e3o os seus primeiros passos nos nossos cursos.<\/p>\n<p><strong>Manifestamos a nossa sincera admira\u00e7\u00e3o ao Chef St\u00e9phane Costa e a toda a equipa do BLIND por continuarem a elevar o nome da gastronomia portuguesa.<\/strong><\/p>\n<p>Ter contribu\u00eddo para a forma\u00e7\u00e3o de um profissional que hoje abra\u00e7a tamanha responsabilidade com entusiasmo e humildade \u00e9 um privil\u00e9gio que refor\u00e7a a nossa miss\u00e3o de formar os grandes talentos do futuro.[\/vc_column_text][vc_empty_space empty_h=&#8221;2&#8243;][\/vc_column][\/vc_row]<\/p>\n<\/div>","protected":false},"excerpt":{"rendered":"<p>Do Ensino Profissional ao topo do Mundo: Ex-aluno Chef St\u00e9phane Costa renova estrela MICHELIN no BLIND<\/p>\n","protected":false},"author":3,"featured_media":170272,"comment_status":"closed","ping_status":"closed","sticky":false,"template":"","format":"standard","meta":{"_acf_changed":false,"om_disable_all_campaigns":false,"_monsterinsights_skip_tracking":false,"_monsterinsights_sitenote_active":false,"_monsterinsights_sitenote_note":"","_monsterinsights_sitenote_category":0,"_uf_show_specific_survey":0,"_uf_disable_surveys":false,"footnotes":""},"categories":[116,117],"tags":[149,147,148],"class_list":["post-170270","post","type-post","status-publish","format-standard","has-post-thumbnail","hentry","category-epralima","category-ensino-profissional","tag-escola-profissional","tag-epralima","tag-viana-do-castelo"],"acf":[],"aioseo_notices":[],"_links":{"self":[{"href":"https:\/\/www.epralima.com\/website\/wp-json\/wp\/v2\/posts\/170270","targetHints":{"allow":["GET"]}}],"collection":[{"href":"https:\/\/www.epralima.com\/website\/wp-json\/wp\/v2\/posts"}],"about":[{"href":"https:\/\/www.epralima.com\/website\/wp-json\/wp\/v2\/types\/post"}],"author":[{"embeddable":true,"href":"https:\/\/www.epralima.com\/website\/wp-json\/wp\/v2\/users\/3"}],"replies":[{"embeddable":true,"href":"https:\/\/www.epralima.com\/website\/wp-json\/wp\/v2\/comments?post=170270"}],"version-history":[{"count":1,"href":"https:\/\/www.epralima.com\/website\/wp-json\/wp\/v2\/posts\/170270\/revisions"}],"predecessor-version":[{"id":170274,"href":"https:\/\/www.epralima.com\/website\/wp-json\/wp\/v2\/posts\/170270\/revisions\/170274"}],"wp:featuredmedia":[{"embeddable":true,"href":"https:\/\/www.epralima.com\/website\/wp-json\/wp\/v2\/media\/170272"}],"wp:attachment":[{"href":"https:\/\/www.epralima.com\/website\/wp-json\/wp\/v2\/media?parent=170270"}],"wp:term":[{"taxonomy":"category","embeddable":true,"href":"https:\/\/www.epralima.com\/website\/wp-json\/wp\/v2\/categories?post=170270"},{"taxonomy":"post_tag","embeddable":true,"href":"https:\/\/www.epralima.com\/website\/wp-json\/wp\/v2\/tags?post=170270"}],"curies":[{"name":"wp","href":"https:\/\/api.w.org\/{rel}","templated":true}]}}