{"id":170264,"date":"2026-03-11T09:40:20","date_gmt":"2026-03-11T09:40:20","guid":{"rendered":"https:\/\/www.epralima.com\/website\/?p=170264"},"modified":"2026-03-11T09:40:20","modified_gmt":"2026-03-11T09:40:20","slug":"viana-do-castelo-como-sala-de-aula","status":"publish","type":"post","link":"https:\/\/www.epralima.com\/website\/2026\/03\/11\/viana-do-castelo-como-sala-de-aula\/","title":{"rendered":"Viana do Castelo como Sala de Aula"},"content":{"rendered":"<div class=\"wpb-content-wrapper\"><p>[vc_row][vc_column width=&#8221;1\/1&#8243;][vc_custom_heading]<strong>Um dia diferente a explorar o melhor de Viana!<\/strong>[\/vc_custom_heading][vc_empty_space empty_h=&#8221;2&#8243;][vc_gallery el_id=&#8221;gallery-137416&#8243; medias=&#8221;170265,170267,170266&#8243; gutter_size=&#8221;3&#8243; media_items=&#8221;media|lightbox|original,icon,caption,description&#8221; screen_lg=&#8221;1000&#8243; screen_md=&#8221;600&#8243; screen_sm=&#8221;480&#8243; single_overlay_opacity=&#8221;50&#8243; single_padding=&#8221;2&#8243;][vc_column_text]Os alunos dos cursos de <strong>T\u00e9cnico de Inform\u00e1tica de Gest\u00e3o, Inform\u00e1tica e Gest\u00e3o de Redes, Desporto e Cozinha<\/strong> protagonizaram uma jornada de descoberta e aprendizagem pelas ruas da emblem\u00e1tica &#8220;<strong>Princesa do Lima&#8221;<\/strong>.<\/p>\n<p>Esta iniciativa permitiu que a teoria acad\u00e9mica desse lugar \u00e0 experi\u00eancia pr\u00e1tica, transformando a cidade de<strong> <a href=\"https:\/\/www.cm-viana-castelo.pt\/\" target=\"_blank\" rel=\"noopener\">Viana do Castelo<\/a><\/strong> num cen\u00e1rio din\u00e2mico de explora\u00e7\u00e3o cultural e hist\u00f3rica.<\/p>\n<p>O percurso teve in\u00edcio com uma visita detalhada ao <strong><a href=\"https:\/\/www.fundacaogileannes.pt\/\" target=\"_blank\" rel=\"noopener\">Navio Hospital Gil Eannes<\/a>,<\/strong> onde os estudantes puderam contactar com o passado mar\u00edtimo da regi\u00e3o, seguindo-se um passeio enriquecedor pelos recantos do<strong> Centro Hist\u00f3rico<\/strong>.<\/p>\n<p>O culminar desta experi\u00eancia aconteceu no cimo do <a href=\"https:\/\/www.visitportugal.com\/pt-pt\/node\/137172\" target=\"_blank\" rel=\"noopener\"><strong>Santu\u00e1rio de Santa Luzia<\/strong><\/a>, proporcionando ao grupo a oportunidade de contemplar aquela que \u00e9 amplamente reconhecida como uma das paisagens mais deslumbrantes do mundo.<\/p>\n<p>Integrada de forma interdisciplinar nas \u00e1reas de <strong>Portugu\u00eas e \u00c1rea de Integra\u00e7\u00e3o<\/strong>, esta atividade refor\u00e7ou o compromisso da nossa institui\u00e7\u00e3o com uma educa\u00e7\u00e3o que ultrapassa os limites f\u00edsicos da sala de aula.<\/p>\n<p>Ao promover o contacto direto com o patrim\u00f3nio do nosso distrito, procuramos n\u00e3o apenas consolidar conhecimentos curriculares, mas tamb\u00e9m fortalecer a cultura geral e o sentido de identidade dos nossos jovens, reafirmando que o processo de ensino \u00e9 mais eficaz quando se cruza com a realidade e a hist\u00f3ria viva.[\/vc_column_text][vc_empty_space empty_h=&#8221;2&#8243;][\/vc_column][\/vc_row]<\/p>\n<\/div>","protected":false},"excerpt":{"rendered":"<p>Alunos da Epralima protagonizaram uma jornada de descoberta e aprendizagem pelas ruas de Viana do Castelo<\/p>\n","protected":false},"author":3,"featured_media":170265,"comment_status":"closed","ping_status":"closed","sticky":false,"template":"","format":"standard","meta":{"_acf_changed":false,"om_disable_all_campaigns":false,"_monsterinsights_skip_tracking":false,"_monsterinsights_sitenote_active":false,"_monsterinsights_sitenote_note":"","_monsterinsights_sitenote_category":0,"_uf_show_specific_survey":0,"_uf_disable_surveys":false,"footnotes":""},"categories":[116,117],"tags":[147,148,149],"class_list":["post-170264","post","type-post","status-publish","format-standard","has-post-thumbnail","hentry","category-epralima","category-ensino-profissional","tag-epralima","tag-viana-do-castelo","tag-escola-profissional"],"acf":[],"aioseo_notices":[],"_links":{"self":[{"href":"https:\/\/www.epralima.com\/website\/wp-json\/wp\/v2\/posts\/170264","targetHints":{"allow":["GET"]}}],"collection":[{"href":"https:\/\/www.epralima.com\/website\/wp-json\/wp\/v2\/posts"}],"about":[{"href":"https:\/\/www.epralima.com\/website\/wp-json\/wp\/v2\/types\/post"}],"author":[{"embeddable":true,"href":"https:\/\/www.epralima.com\/website\/wp-json\/wp\/v2\/users\/3"}],"replies":[{"embeddable":true,"href":"https:\/\/www.epralima.com\/website\/wp-json\/wp\/v2\/comments?post=170264"}],"version-history":[{"count":1,"href":"https:\/\/www.epralima.com\/website\/wp-json\/wp\/v2\/posts\/170264\/revisions"}],"predecessor-version":[{"id":170268,"href":"https:\/\/www.epralima.com\/website\/wp-json\/wp\/v2\/posts\/170264\/revisions\/170268"}],"wp:featuredmedia":[{"embeddable":true,"href":"https:\/\/www.epralima.com\/website\/wp-json\/wp\/v2\/media\/170265"}],"wp:attachment":[{"href":"https:\/\/www.epralima.com\/website\/wp-json\/wp\/v2\/media?parent=170264"}],"wp:term":[{"taxonomy":"category","embeddable":true,"href":"https:\/\/www.epralima.com\/website\/wp-json\/wp\/v2\/categories?post=170264"},{"taxonomy":"post_tag","embeddable":true,"href":"https:\/\/www.epralima.com\/website\/wp-json\/wp\/v2\/tags?post=170264"}],"curies":[{"name":"wp","href":"https:\/\/api.w.org\/{rel}","templated":true}]}}