{"id":170090,"date":"2026-03-10T10:29:09","date_gmt":"2026-03-10T10:29:09","guid":{"rendered":"https:\/\/www.epralima.com\/website\/?p=170090"},"modified":"2026-03-10T10:29:09","modified_gmt":"2026-03-10T10:29:09","slug":"assembleia-sobre-o-uso-de-telemoveis-na-escola","status":"publish","type":"post","link":"https:\/\/www.epralima.com\/website\/2026\/03\/10\/assembleia-sobre-o-uso-de-telemoveis-na-escola\/","title":{"rendered":"Assembleia sobre o Uso de Telem\u00f3veis na Escola"},"content":{"rendered":"<div class=\"wpb-content-wrapper\"><p>[vc_row][vc_column width=&#8221;1\/1&#8243;][vc_custom_heading]<strong>Alunos da Epralima de Ponte de Lima simulam Assembleia sobre o uso de telem\u00f3veis na Escola<\/strong>[\/vc_custom_heading][vc_empty_space empty_h=&#8221;2&#8243;][vc_gallery el_id=&#8221;gallery-137416&#8243; medias=&#8221;170091,170093,170092&#8243; gutter_size=&#8221;3&#8243; media_items=&#8221;media|lightbox|original,icon,caption,description&#8221; screen_lg=&#8221;1000&#8243; screen_md=&#8221;600&#8243; screen_sm=&#8221;480&#8243; single_overlay_opacity=&#8221;50&#8243; single_padding=&#8221;2&#8243;][vc_column_text]A delega\u00e7\u00e3o da <strong>Epralima em Ponte de Lima<\/strong> transformou-se num palco de debate democr\u00e1tico com a realiza\u00e7\u00e3o de uma <strong>Simula\u00e7\u00e3o de Assembleia<\/strong>. Em discuss\u00e3o esteve um tema fraturante e atual: a <strong>\u201cProibi\u00e7\u00e3o do Telem\u00f3vel na Escola\u201d<\/strong>.<\/p>\n<p>Esta iniciativa inseriu-se nas comemora\u00e7\u00f5es dos <strong>50 anos da Constitui\u00e7\u00e3o da Rep\u00fablica Portuguesa<\/strong>.<\/p>\n<p>O principal objetivo foi aproximar os jovens estudantes do funcionamento das institui\u00e7\u00f5es democr\u00e1ticas, incentivando a participa\u00e7\u00e3o c\u00edvica ativa e o exerc\u00edcio da argumenta\u00e7\u00e3o fundamentada.<\/p>\n<p>A proposta de proibi\u00e7\u00e3o gerou uma discuss\u00e3o intensa e participada entre os diferentes grupos de intervenientes. Ap\u00f3s a apresenta\u00e7\u00e3o de argumentos pr\u00f3s e contras, a vota\u00e7\u00e3o final revelou a divis\u00e3o de opini\u00f5es na &#8220;assembleia&#8221; com <strong>20 Votos a favor e 18 <\/strong><strong>Votos contra.<\/strong><\/p>\n<p>A aprova\u00e7\u00e3o da proposta por uma margem curta espelha a complexidade do tema e o envolvimento real dos alunos na defesa das suas posi\u00e7\u00f5es.<\/p>\n<p>Para al\u00e9m do resultado, o destaque da tarde foi o comportamento exemplar dos alunos. Demonstraram um elevado <strong>sentido cr\u00edtico<\/strong>, respeito pelas regras do debate democr\u00e1tico e uma clara compreens\u00e3o da import\u00e2ncia da participa\u00e7\u00e3o informada nas decis\u00f5es que afetam a coletividade.<\/p>\n<blockquote><p><strong><em>Vivenciar a cidadania na pr\u00e1tica \u00e9 o melhor caminho para formar os l\u00edderes de amanh\u00e3<\/em><\/strong><\/p><\/blockquote>\n<p>[\/vc_column_text][vc_empty_space empty_h=&#8221;2&#8243;][\/vc_column][\/vc_row]<\/p>\n<\/div>","protected":false},"excerpt":{"rendered":"<p>Realizou-se ontem \u00e0 tarde, na delega\u00e7\u00e3o da EPRALIMA em Ponte de Lima, uma simula\u00e7\u00e3o de Assembleia onde se debateu a proposta \u201cProibi\u00e7\u00e3o do Telem\u00f3vel na Escola\u201d.<\/p>\n","protected":false},"author":3,"featured_media":170091,"comment_status":"closed","ping_status":"closed","sticky":false,"template":"","format":"standard","meta":{"_acf_changed":false,"om_disable_all_campaigns":false,"_monsterinsights_skip_tracking":false,"_monsterinsights_sitenote_active":false,"_monsterinsights_sitenote_note":"","_monsterinsights_sitenote_category":0,"_uf_show_specific_survey":0,"_uf_disable_surveys":false,"footnotes":""},"categories":[116,117],"tags":[],"class_list":["post-170090","post","type-post","status-publish","format-standard","has-post-thumbnail","hentry","category-epralima","category-ensino-profissional"],"acf":[],"aioseo_notices":[],"_links":{"self":[{"href":"https:\/\/www.epralima.com\/website\/wp-json\/wp\/v2\/posts\/170090","targetHints":{"allow":["GET"]}}],"collection":[{"href":"https:\/\/www.epralima.com\/website\/wp-json\/wp\/v2\/posts"}],"about":[{"href":"https:\/\/www.epralima.com\/website\/wp-json\/wp\/v2\/types\/post"}],"author":[{"embeddable":true,"href":"https:\/\/www.epralima.com\/website\/wp-json\/wp\/v2\/users\/3"}],"replies":[{"embeddable":true,"href":"https:\/\/www.epralima.com\/website\/wp-json\/wp\/v2\/comments?post=170090"}],"version-history":[{"count":1,"href":"https:\/\/www.epralima.com\/website\/wp-json\/wp\/v2\/posts\/170090\/revisions"}],"predecessor-version":[{"id":170096,"href":"https:\/\/www.epralima.com\/website\/wp-json\/wp\/v2\/posts\/170090\/revisions\/170096"}],"wp:featuredmedia":[{"embeddable":true,"href":"https:\/\/www.epralima.com\/website\/wp-json\/wp\/v2\/media\/170091"}],"wp:attachment":[{"href":"https:\/\/www.epralima.com\/website\/wp-json\/wp\/v2\/media?parent=170090"}],"wp:term":[{"taxonomy":"category","embeddable":true,"href":"https:\/\/www.epralima.com\/website\/wp-json\/wp\/v2\/categories?post=170090"},{"taxonomy":"post_tag","embeddable":true,"href":"https:\/\/www.epralima.com\/website\/wp-json\/wp\/v2\/tags?post=170090"}],"curies":[{"name":"wp","href":"https:\/\/api.w.org\/{rel}","templated":true}]}}