{"id":169871,"date":"2026-01-27T16:04:00","date_gmt":"2026-01-27T16:04:00","guid":{"rendered":"https:\/\/www.epralima.com\/website\/?p=169871"},"modified":"2026-01-27T16:04:00","modified_gmt":"2026-01-27T16:04:00","slug":"epralima-promove-dia-de-bem-estar-na-ascfb","status":"publish","type":"post","link":"https:\/\/www.epralima.com\/website\/2026\/01\/27\/epralima-promove-dia-de-bem-estar-na-ascfb\/","title":{"rendered":"Epralima promove dia de bem-estar na ASCFB"},"content":{"rendered":"<div class=\"wpb-content-wrapper\"><p>[vc_row][vc_column width=&#8221;1\/1&#8243;][vc_custom_heading]<strong>Alunos de Cabeleireiro e Est\u00e9tica da epralima promovem dia de bem-estar na ASCFB<\/strong>[\/vc_custom_heading][vc_empty_space empty_h=&#8221;2&#8243;][vc_column_text]No \u00e2mbito da vertente pr\u00e1tica e social dos seus planos formativos, os alunos dos cursos de <strong>Cabeleireiro e Esteticista da epralima<\/strong> deslocaram-se \u00e0 <strong>Associa\u00e7\u00e3o Social e Cultural da Freguesia de Britelo (ASCFB)<\/strong>.<\/p>\n<p>O objetivo da iniciativa foi proporcionar cuidados de beleza e higiene aos idosos que frequentam a institui\u00e7\u00e3o, promovendo a autoestima e o conv\u00edvio intergeracional.<\/p>\n<p>Durante a visita, os alunos puderam aplicar as suas compet\u00eancias t\u00e9cnicas em contexto real, refor\u00e7ando valores fundamentais como a empatia, o respeito e a responsabilidade social.<\/p>\n<p><strong>Um interc\u00e2mbio de afetos<\/strong><\/p>\n<p>A epralima agradece \u00e0 Dire\u00e7\u00e3o e aos profissionais da ASCFB pelo acolhimento excecional e pelo carinho com que trataram os nossos alunos e formadores.<\/p>\n<p>Estas parcerias s\u00e3o essenciais para formar n\u00e3o apenas excelentes profissionais, mas cidad\u00e3os conscientes e atentos \u00e0 comunidade.<\/p>\n<p><em>&#8220;Ver o impacto imediato de um gesto de cuidado na vida destes idosos \u00e9 a prova de que a forma\u00e7\u00e3o profissional vai muito al\u00e9m da sala de aula.&#8221;<\/em>[\/vc_column_text][vc_empty_space empty_h=&#8221;2&#8243;][vc_single_image media=&#8221;169872&#8243; media_width_percent=&#8221;60&#8243; alignment=&#8221;center&#8221;][vc_empty_space empty_h=&#8221;2&#8243;][\/vc_column][\/vc_row]<\/p>\n<\/div>","protected":false},"excerpt":{"rendered":"<p>Alunos de Cabeleireiro e Est\u00e9tica da epralima promovem dia de bem-estar na ASCFB<\/p>\n","protected":false},"author":3,"featured_media":169872,"comment_status":"closed","ping_status":"closed","sticky":false,"template":"","format":"standard","meta":{"_acf_changed":false,"om_disable_all_campaigns":false,"_monsterinsights_skip_tracking":false,"_monsterinsights_sitenote_active":false,"_monsterinsights_sitenote_note":"","_monsterinsights_sitenote_category":0,"_uf_show_specific_survey":0,"_uf_disable_surveys":false,"footnotes":""},"categories":[116,117],"tags":[],"class_list":["post-169871","post","type-post","status-publish","format-standard","has-post-thumbnail","hentry","category-epralima","category-ensino-profissional"],"acf":[],"aioseo_notices":[],"_links":{"self":[{"href":"https:\/\/www.epralima.com\/website\/wp-json\/wp\/v2\/posts\/169871","targetHints":{"allow":["GET"]}}],"collection":[{"href":"https:\/\/www.epralima.com\/website\/wp-json\/wp\/v2\/posts"}],"about":[{"href":"https:\/\/www.epralima.com\/website\/wp-json\/wp\/v2\/types\/post"}],"author":[{"embeddable":true,"href":"https:\/\/www.epralima.com\/website\/wp-json\/wp\/v2\/users\/3"}],"replies":[{"embeddable":true,"href":"https:\/\/www.epralima.com\/website\/wp-json\/wp\/v2\/comments?post=169871"}],"version-history":[{"count":1,"href":"https:\/\/www.epralima.com\/website\/wp-json\/wp\/v2\/posts\/169871\/revisions"}],"predecessor-version":[{"id":169873,"href":"https:\/\/www.epralima.com\/website\/wp-json\/wp\/v2\/posts\/169871\/revisions\/169873"}],"wp:featuredmedia":[{"embeddable":true,"href":"https:\/\/www.epralima.com\/website\/wp-json\/wp\/v2\/media\/169872"}],"wp:attachment":[{"href":"https:\/\/www.epralima.com\/website\/wp-json\/wp\/v2\/media?parent=169871"}],"wp:term":[{"taxonomy":"category","embeddable":true,"href":"https:\/\/www.epralima.com\/website\/wp-json\/wp\/v2\/categories?post=169871"},{"taxonomy":"post_tag","embeddable":true,"href":"https:\/\/www.epralima.com\/website\/wp-json\/wp\/v2\/tags?post=169871"}],"curies":[{"name":"wp","href":"https:\/\/api.w.org\/{rel}","templated":true}]}}