{"id":169868,"date":"2026-01-26T14:35:47","date_gmt":"2026-01-26T14:35:47","guid":{"rendered":"https:\/\/www.epralima.com\/website\/?p=169868"},"modified":"2026-01-26T14:35:47","modified_gmt":"2026-01-26T14:35:47","slug":"projeto-eco-escolas-valorizacao-e-tratamento-de-residuos-solidos","status":"publish","type":"post","link":"https:\/\/www.epralima.com\/website\/2026\/01\/26\/projeto-eco-escolas-valorizacao-e-tratamento-de-residuos-solidos\/","title":{"rendered":"Projeto Eco-Escolas &#8211; Valoriza\u00e7\u00e3o e Tratamento de Res\u00edduos S\u00f3lidos"},"content":{"rendered":"<div class=\"wpb-content-wrapper\"><p>[vc_row][vc_column width=&#8221;1\/1&#8243;][vc_custom_heading]<strong>Epralima Promove Valoriza\u00e7\u00e3o de Res\u00edduos em Parceria com o Munic\u00edpio de Arcos de Valdevez e a Resulima<\/strong>[\/vc_custom_heading][vc_empty_space empty_h=&#8221;2&#8243;][vc_column_text]No \u00e2mbito do <strong>Projeto <a href=\"https:\/\/ecoescolas.abaae.pt\/\">Eco-Escolas<\/a><\/strong>, a Epralima realizou, no seu audit\u00f3rio, uma <strong>A\u00e7\u00e3o de Sensibiliza\u00e7\u00e3o sobre a Valoriza\u00e7\u00e3o e Tratamento de Res\u00edduos S\u00f3lidos<\/strong>.<\/p>\n<p>O evento serviu como um espa\u00e7o de partilha e consciencializa\u00e7\u00e3o para a comunidade educativa, destacando a import\u00e2ncia da economia circular no nosso quotidiano.<\/p>\n<p>A sess\u00e3o contou com a presen\u00e7a de <strong>Marlene Barros<\/strong>, Vereadora do Munic\u00edpio, que sublinhou a import\u00e2ncia de cuidar do planeta, que \u00e9 de todos n\u00f3s, alertando para a necessidade de adotarmos medidas respons\u00e1veis para proteger o local onde vivemos, e deixarmos um local seguro para as pr\u00f3ximas gera\u00e7\u00f5es, da <strong>Eng.\u00aa Salete Abreu<\/strong>, da Divis\u00e3o de Ambiente e Servi\u00e7os de Gest\u00e3o da Autarquia e da <strong>Eng.\u00aa Joana Cunha<\/strong>, representante da <a href=\"https:\/\/www.resulima.pt\/\"><strong>Resulima<\/strong><\/a>, que explicou o processo da recolha, tratamento e reciclagem dos res\u00edduos, deixando um alerta para a import\u00e2ncia da separa\u00e7\u00e3o correta do lixo e ofereceu para distribuir pelos alunos presentes ecopontos dom\u00e9sticos<\/p>\n<p>Durante a a\u00e7\u00e3o, os alunos tiveram a oportunidade de aprofundar conhecimentos sobre a separa\u00e7\u00e3o correta de materiais e o impacto positivo que pequenas mudan\u00e7as de comportamento podem ter no ecossistema local. A iniciativa n\u00e3o s\u00f3 clarificou d\u00favidas comuns sobre a reciclagem, como tamb\u00e9m inspirou os jovens a serem agentes de mudan\u00e7a nas suas fam\u00edlias e c\u00edrculos sociais.<\/p>\n<p><em>&#8220;A valoriza\u00e7\u00e3o de res\u00edduos n\u00e3o \u00e9 apenas uma obriga\u00e7\u00e3o ambiental, \u00e9 uma oportunidade econ\u00f3mica e social. Na Epralima, acreditamos que a educa\u00e7\u00e3o \u00e9 a ferramenta principal para transformar o &#8216;lixo&#8217; em recurso.&#8221;<\/em><\/p>\n<p>Esta atividade, integrada no plano de a\u00e7\u00e3o do <strong>Eco-Escolas<\/strong>, vem refor\u00e7ar a meta da Epralima em manter elevados padr\u00f5es de educa\u00e7\u00e3o ambiental e contribuir ativamente para as metas de sustentabilidade do concelho.<\/p>\n<p>Agradecemos a todos os oradores e participantes pelo contributo para um futuro mais limpo e consciente![\/vc_column_text][vc_empty_space empty_h=&#8221;2&#8243;][vc_single_image media=&#8221;169869&#8243; media_width_percent=&#8221;60&#8243; alignment=&#8221;center&#8221;][vc_empty_space empty_h=&#8221;2&#8243;][\/vc_column][\/vc_row]<\/p>\n<\/div>","protected":false},"excerpt":{"rendered":"<p>Epralima Promove Valoriza\u00e7\u00e3o de Res\u00edduos em Parceria com o Munic\u00edpio de Arcos de Valdevez e a Resulima<\/p>\n","protected":false},"author":3,"featured_media":169869,"comment_status":"closed","ping_status":"closed","sticky":false,"template":"","format":"standard","meta":{"_acf_changed":false,"om_disable_all_campaigns":false,"_monsterinsights_skip_tracking":false,"_monsterinsights_sitenote_active":false,"_monsterinsights_sitenote_note":"","_monsterinsights_sitenote_category":0,"_uf_show_specific_survey":0,"_uf_disable_surveys":false,"footnotes":""},"categories":[116,117],"tags":[],"class_list":["post-169868","post","type-post","status-publish","format-standard","has-post-thumbnail","hentry","category-epralima","category-ensino-profissional"],"acf":[],"aioseo_notices":[],"_links":{"self":[{"href":"https:\/\/www.epralima.com\/website\/wp-json\/wp\/v2\/posts\/169868","targetHints":{"allow":["GET"]}}],"collection":[{"href":"https:\/\/www.epralima.com\/website\/wp-json\/wp\/v2\/posts"}],"about":[{"href":"https:\/\/www.epralima.com\/website\/wp-json\/wp\/v2\/types\/post"}],"author":[{"embeddable":true,"href":"https:\/\/www.epralima.com\/website\/wp-json\/wp\/v2\/users\/3"}],"replies":[{"embeddable":true,"href":"https:\/\/www.epralima.com\/website\/wp-json\/wp\/v2\/comments?post=169868"}],"version-history":[{"count":1,"href":"https:\/\/www.epralima.com\/website\/wp-json\/wp\/v2\/posts\/169868\/revisions"}],"predecessor-version":[{"id":169870,"href":"https:\/\/www.epralima.com\/website\/wp-json\/wp\/v2\/posts\/169868\/revisions\/169870"}],"wp:featuredmedia":[{"embeddable":true,"href":"https:\/\/www.epralima.com\/website\/wp-json\/wp\/v2\/media\/169869"}],"wp:attachment":[{"href":"https:\/\/www.epralima.com\/website\/wp-json\/wp\/v2\/media?parent=169868"}],"wp:term":[{"taxonomy":"category","embeddable":true,"href":"https:\/\/www.epralima.com\/website\/wp-json\/wp\/v2\/categories?post=169868"},{"taxonomy":"post_tag","embeddable":true,"href":"https:\/\/www.epralima.com\/website\/wp-json\/wp\/v2\/tags?post=169868"}],"curies":[{"name":"wp","href":"https:\/\/api.w.org\/{rel}","templated":true}]}}