{"id":169859,"date":"2026-01-12T10:00:29","date_gmt":"2026-01-12T10:00:29","guid":{"rendered":"https:\/\/www.epralima.com\/website\/?p=169859"},"modified":"2026-01-22T14:57:45","modified_gmt":"2026-01-22T14:57:45","slug":"capital-verde-europeia-2026","status":"publish","type":"post","link":"https:\/\/www.epralima.com\/website\/2026\/01\/12\/capital-verde-europeia-2026\/","title":{"rendered":"Capital Verde Europeia 2026"},"content":{"rendered":"<div class=\"wpb-content-wrapper\"><p>[vc_row][vc_column width=&#8221;1\/1&#8243;][vc_custom_heading]<strong>Sabias que a Capital Verde Europeia 2026 \u00e9 portuguesa?<\/strong>[\/vc_custom_heading][vc_empty_space empty_h=&#8221;2&#8243;][vc_column_text]E o <strong>Pr\u00e9mio Folha Verde Europeia 2026<\/strong> foi atribu\u00eddo a outra cidade portuguesa?<\/p>\n<p>No ano de 2026, as cidades de <a href=\"https:\/\/guimaraes26.pt\/\">Guimar\u00e3es<\/a> e <a href=\"https:\/\/www.cm-agueda.pt\/viver\/comunicacao\/noticias-agueda\/noticia\/agueda-vence-premio-european-green-leaf-2026\">\u00c1gueda<\/a> lideram a <strong>Agenda Europeia de Sustentabilidade Urbana<\/strong> no \u00e2mbito do <strong>Pacto Ecol\u00f3gico Europeu<\/strong> e dos <a href=\"https:\/\/ods.pt\/\"><strong>Objetivos de Desenvolvimento Sustent\u00e1vel (ODS)<\/strong><\/a>.<\/p>\n<p>A Comiss\u00e3o Europeia elegeu <strong>Guimar\u00e3es como a Capital Verde Europeia 2026<\/strong>, um t\u00edtulo que celebra o compromisso da cidade com a sustentabilidade e a transi\u00e7\u00e3o ecol\u00f3gica, com foco na mobilidade, inova\u00e7\u00e3o e envolvimento comunit\u00e1rio para um futuro mais verde.<\/p>\n<p><strong>\u00c1gueda foi galardoada com o Pr\u00e9mio Folha Verde Europeia 2026<\/strong>, a par da cidade de Vaasa, situada na Finl\u00e2ndia. Abra\u00e7ando o princ\u00edpio de \u00abpensar globalmente, agir localmente\u00bb, \u00c1gueda demonstra como uma cidade pode combinar crescimento econ\u00f3mico, vitalidade cultural e gest\u00e3o ambiental para criar um futuro vibrante e sustent\u00e1vel para os seus residentes e meio envolvente.<\/p>\n<p>A tua Escola tem um projeto sobre compet\u00eancias verdes e sustentabilidade!<\/p>\n<p>Com o <strong>ECOIn.Lub<\/strong>, sabe mais sobre <strong>sustentabilidade, economia circular<\/strong> e como podes <strong>participar num futuro mais verde e sustent\u00e1vel<\/strong>:<\/p>\n<p><a href=\"http:\/\/www.ecoinlub.eu\">www.ecoinlub.eu<\/a><br \/>\n<a href=\"https:\/\/www.facebook.com\/profile.php?id=61569460498489\">FACEBOOK<\/a><br \/>\n<a href=\"https:\/\/www.instagram.com\/ecoin_lub\">INSTAGRAM<\/a>[\/vc_column_text][vc_empty_space empty_h=&#8221;2&#8243;][vc_single_image media=&#8221;169860&#8243; media_width_percent=&#8221;60&#8243; alignment=&#8221;center&#8221;][vc_empty_space empty_h=&#8221;2&#8243;][\/vc_column][\/vc_row]<\/p>\n<\/div>","protected":false},"excerpt":{"rendered":"<p>No ano de 2026, as cidades de Guimar\u00e3es e \u00c1gueda lideram a Agenda Europeia de Sustentabilidade Urbana no \u00e2mbito do Pacto Ecol\u00f3gico Europeu e dos Objetivos de Desenvolvimento Sustent\u00e1vel (ODS).<\/p>\n","protected":false},"author":3,"featured_media":169860,"comment_status":"closed","ping_status":"closed","sticky":false,"template":"","format":"standard","meta":{"_acf_changed":false,"om_disable_all_campaigns":false,"_monsterinsights_skip_tracking":false,"_monsterinsights_sitenote_active":false,"_monsterinsights_sitenote_note":"","_monsterinsights_sitenote_category":0,"_uf_show_specific_survey":0,"_uf_disable_surveys":false,"footnotes":""},"categories":[116,119],"tags":[],"class_list":["post-169859","post","type-post","status-publish","format-standard","has-post-thumbnail","hentry","category-epralima","category-projetos-internacionais"],"acf":[],"aioseo_notices":[],"_links":{"self":[{"href":"https:\/\/www.epralima.com\/website\/wp-json\/wp\/v2\/posts\/169859","targetHints":{"allow":["GET"]}}],"collection":[{"href":"https:\/\/www.epralima.com\/website\/wp-json\/wp\/v2\/posts"}],"about":[{"href":"https:\/\/www.epralima.com\/website\/wp-json\/wp\/v2\/types\/post"}],"author":[{"embeddable":true,"href":"https:\/\/www.epralima.com\/website\/wp-json\/wp\/v2\/users\/3"}],"replies":[{"embeddable":true,"href":"https:\/\/www.epralima.com\/website\/wp-json\/wp\/v2\/comments?post=169859"}],"version-history":[{"count":1,"href":"https:\/\/www.epralima.com\/website\/wp-json\/wp\/v2\/posts\/169859\/revisions"}],"predecessor-version":[{"id":169861,"href":"https:\/\/www.epralima.com\/website\/wp-json\/wp\/v2\/posts\/169859\/revisions\/169861"}],"wp:featuredmedia":[{"embeddable":true,"href":"https:\/\/www.epralima.com\/website\/wp-json\/wp\/v2\/media\/169860"}],"wp:attachment":[{"href":"https:\/\/www.epralima.com\/website\/wp-json\/wp\/v2\/media?parent=169859"}],"wp:term":[{"taxonomy":"category","embeddable":true,"href":"https:\/\/www.epralima.com\/website\/wp-json\/wp\/v2\/categories?post=169859"},{"taxonomy":"post_tag","embeddable":true,"href":"https:\/\/www.epralima.com\/website\/wp-json\/wp\/v2\/tags?post=169859"}],"curies":[{"name":"wp","href":"https:\/\/api.w.org\/{rel}","templated":true}]}}