{"id":169852,"date":"2026-01-22T09:21:36","date_gmt":"2026-01-22T09:21:36","guid":{"rendered":"https:\/\/www.epralima.com\/website\/?p=169852"},"modified":"2026-01-22T09:21:36","modified_gmt":"2026-01-22T09:21:36","slug":"projeto-ledescolas","status":"publish","type":"post","link":"https:\/\/www.epralima.com\/website\/2026\/01\/22\/projeto-ledescolas\/","title":{"rendered":"Projeto LED@Escolas"},"content":{"rendered":"<div class=\"wpb-content-wrapper\"><p>[vc_row][vc_column width=&#8221;1\/1&#8243;][vc_custom_heading]<strong>Epralima Rumo \u00e0 Efici\u00eancia Energ\u00e9tica com o Projeto LED@Escolas<\/strong>[\/vc_custom_heading][vc_empty_space empty_h=&#8221;2&#8243;][vc_column_text]A <strong>Epralima<\/strong> deu mais um passo decisivo no seu compromisso com a sustentabilidade ambiental ao participar no projeto <a href=\"https:\/\/anespo.pt\/ledescolas\/\" target=\"_blank\" rel=\"noopener\"><strong>LED@Escolas<\/strong><\/a>.<\/p>\n<p>Esta iniciativa, promovida pela <a href=\"https:\/\/anespo.pt\/\" target=\"_blank\" rel=\"noopener\"><strong>ANESPO<\/strong> (Associa\u00e7\u00e3o Nacional de Escolas Profissionais)<\/a> em parceria com a <a href=\"https:\/\/www.aeep.pt\/\" target=\"_blank\" rel=\"noopener\"><strong>AEEP<\/strong><\/a>, visa a substitui\u00e7\u00e3o integral da ilumina\u00e7\u00e3o fluorescente tradicional (T8) por tecnologia LED de \u00faltima gera\u00e7\u00e3o.<\/p>\n<p><strong>Mais do que Luz: Poupan\u00e7a e Sustentabilidade<\/strong><\/p>\n<p>A transi\u00e7\u00e3o para a ilumina\u00e7\u00e3o LED n\u00e3o \u00e9 apenas uma melhoria est\u00e9tica ou funcional mas sim um pilar fundamental da nossa estrat\u00e9gia <a href=\"https:\/\/ecoescolas.abaae.pt\/\" target=\"_blank\" rel=\"noopener\"><strong>Eco-Escolas<\/strong><\/a>.<\/p>\n<p>Com esta mudan\u00e7a, a escola prev\u00ea uma <strong>redu\u00e7\u00e3o significativa no consumo energ\u00e9tico<\/strong>, contribuindo diretamente para a diminui\u00e7\u00e3o da pegada de carbono da institui\u00e7\u00e3o.<\/p>\n<p>Esta poupan\u00e7a energ\u00e9tica refor\u00e7a a nossa miss\u00e3o de formar cidad\u00e3os conscientes, demonstrando que pequenas altera\u00e7\u00f5es na infraestrutura escolar podem gerar grandes impactos positivos no meio ambiente.<\/p>\n<p><strong>Comunidade Criativa e Envolvida<\/strong><\/p>\n<p>O projeto LED@Escolas distingue-se tamb\u00e9m pelo seu car\u00e1ter participativo.<br \/>\nAl\u00e9m da componente t\u00e9cnica, a iniciativa envolveu ativamente a <strong>comunidade escolar<\/strong> na cria\u00e7\u00e3o da imagem corporativa do projeto, incentivando os alunos a aplicarem as suas compet\u00eancias criativas num contexto real e com prop\u00f3sito ecol\u00f3gico.<\/p>\n<p><strong>Destaques do Projeto:<\/strong><\/p>\n<ul>\n<li><strong>Efici\u00eancia:<\/strong> Substitui\u00e7\u00e3o de l\u00e2mpadas T8 por LEDs mais duradouros e econ\u00f3micos.<\/li>\n<li><strong>Ambiente:<\/strong> Alinhamento direto com as metas do programa Eco-Escolas.<\/li>\n<li><strong>Educa\u00e7\u00e3o:<\/strong> Sensibiliza\u00e7\u00e3o dos alunos para o consumo respons\u00e1vel de energia.<\/li>\n<li><strong>Criatividade:<\/strong> Participa\u00e7\u00e3o dos estudantes na identidade visual do projeto.<\/li>\n<\/ul>\n<p><strong>Com o LED@Escolas, a Epralima continua a iluminar o caminho para um futuro mais verde e eficiente!<\/strong>[\/vc_column_text][vc_empty_space empty_h=&#8221;2&#8243;][vc_single_image media=&#8221;169853&#8243; media_width_percent=&#8221;60&#8243; alignment=&#8221;center&#8221;][vc_empty_space empty_h=&#8221;2&#8243;][\/vc_column][\/vc_row]<\/p>\n<\/div>","protected":false},"excerpt":{"rendered":"<p>A Epralima d\u00e1 mais um passo decisivo no seu compromisso com a sustentabilidade ambiental ao participar no projeto LED@Escolas<\/p>\n","protected":false},"author":3,"featured_media":169853,"comment_status":"closed","ping_status":"closed","sticky":false,"template":"","format":"standard","meta":{"_acf_changed":false,"om_disable_all_campaigns":false,"_monsterinsights_skip_tracking":false,"_monsterinsights_sitenote_active":false,"_monsterinsights_sitenote_note":"","_monsterinsights_sitenote_category":0,"_uf_show_specific_survey":0,"_uf_disable_surveys":false,"footnotes":""},"categories":[116,117],"tags":[],"class_list":["post-169852","post","type-post","status-publish","format-standard","has-post-thumbnail","hentry","category-epralima","category-ensino-profissional"],"acf":[],"aioseo_notices":[],"_links":{"self":[{"href":"https:\/\/www.epralima.com\/website\/wp-json\/wp\/v2\/posts\/169852","targetHints":{"allow":["GET"]}}],"collection":[{"href":"https:\/\/www.epralima.com\/website\/wp-json\/wp\/v2\/posts"}],"about":[{"href":"https:\/\/www.epralima.com\/website\/wp-json\/wp\/v2\/types\/post"}],"author":[{"embeddable":true,"href":"https:\/\/www.epralima.com\/website\/wp-json\/wp\/v2\/users\/3"}],"replies":[{"embeddable":true,"href":"https:\/\/www.epralima.com\/website\/wp-json\/wp\/v2\/comments?post=169852"}],"version-history":[{"count":1,"href":"https:\/\/www.epralima.com\/website\/wp-json\/wp\/v2\/posts\/169852\/revisions"}],"predecessor-version":[{"id":169854,"href":"https:\/\/www.epralima.com\/website\/wp-json\/wp\/v2\/posts\/169852\/revisions\/169854"}],"wp:featuredmedia":[{"embeddable":true,"href":"https:\/\/www.epralima.com\/website\/wp-json\/wp\/v2\/media\/169853"}],"wp:attachment":[{"href":"https:\/\/www.epralima.com\/website\/wp-json\/wp\/v2\/media?parent=169852"}],"wp:term":[{"taxonomy":"category","embeddable":true,"href":"https:\/\/www.epralima.com\/website\/wp-json\/wp\/v2\/categories?post=169852"},{"taxonomy":"post_tag","embeddable":true,"href":"https:\/\/www.epralima.com\/website\/wp-json\/wp\/v2\/tags?post=169852"}],"curies":[{"name":"wp","href":"https:\/\/api.w.org\/{rel}","templated":true}]}}