{"id":169679,"date":"2025-11-26T10:28:22","date_gmt":"2025-11-26T10:28:22","guid":{"rendered":"https:\/\/www.epralima.com\/website\/?p=169679"},"modified":"2025-11-26T10:28:22","modified_gmt":"2025-11-26T10:28:22","slug":"epralima-e-municipio-de-ponte-da-barca-unem-forcas-contra-a-violencia-domestica","status":"publish","type":"post","link":"https:\/\/www.epralima.com\/website\/2025\/11\/26\/epralima-e-municipio-de-ponte-da-barca-unem-forcas-contra-a-violencia-domestica\/","title":{"rendered":"Epralima e Munic\u00edpio de Ponte da Barca unem for\u00e7as contra a Viol\u00eancia Dom\u00e9stica"},"content":{"rendered":"<div class=\"wpb-content-wrapper\"><p>[vc_row][vc_column width=&#8221;1\/1&#8243;][vc_custom_heading]<strong>Epralima e Munic\u00edpio de Ponte da Barca unem for\u00e7as contra a Viol\u00eancia Dom\u00e9stica com Mural Comunit\u00e1rio<\/strong>[\/vc_custom_heading][vc_empty_space empty_h=&#8221;2&#8243;][vc_column_text]A <strong>Epralima<\/strong> (Escola Profissional do Alto Lima) \u2013 Delega\u00e7\u00e3o de <strong>Ponte da Barca<\/strong> \u2013, em parceria estrat\u00e9gica com o <a href=\"https:\/\/www.cmpb.pt\/\"><strong>Munic\u00edpio de Ponte da Barca<\/strong><\/a>, refor\u00e7a o seu papel na sensibiliza\u00e7\u00e3o social e na promo\u00e7\u00e3o de valores c\u00edvicos.<\/p>\n<p>A escola e a autarquia colaboraram na cria\u00e7\u00e3o de um <strong>mural comunit\u00e1rio<\/strong>, marcando as celebra\u00e7\u00f5es do <strong>Dia Internacional para a Elimina\u00e7\u00e3o da Viol\u00eancia Contra as Mulheres<\/strong>.<\/p>\n<p>O projeto visa primordialmente <strong>sensibilizar os jovens<\/strong> e a comunidade em geral para a urgente tem\u00e1tica da <strong>viol\u00eancia contra as mulheres<\/strong> e a <strong>igualdade de g\u00e9nero<\/strong>.<\/p>\n<p>Atrav\u00e9s da <strong>arte p\u00fablica<\/strong>, a Epralima e o Munic\u00edpio procuram n\u00e3o s\u00f3 homenagear as v\u00edtimas, mas tamb\u00e9m capacitar as novas gera\u00e7\u00f5es como agentes de mudan\u00e7a na preven\u00e7\u00e3o da <strong>viol\u00eancia dom\u00e9stica<\/strong> e de g\u00e9nero.<\/p>\n<p>Esta iniciativa alinha-se com as melhores pr\u00e1ticas de responsabilidade social e educa\u00e7\u00e3o c\u00edvica.<\/p>\n<p>A pe\u00e7a art\u00edstica, que \u00e9 um testemunho visual da luta contra a viol\u00eancia, foi integralmente concebida e executada pelos <strong>alunos da Epralima<\/strong>.<\/p>\n<p>Esta sinergia entre diferentes \u00e1reas de estudo real\u00e7a a qualidade da <strong>forma\u00e7\u00e3o profissional em Ponte da Barca<\/strong> oferecida pela Epralima.<\/p>\n<p>A obra final, s\u00edmbolo de esperan\u00e7a e resist\u00eancia, encontra-se agora exposta com destaque nos <strong>Pa\u00e7os do Concelho de Ponte da Barca<\/strong>.<\/p>\n<p>Convidamos todos os mun\u00edcipes, encarregados de educa\u00e7\u00e3o e futuros alunos a visitar a sede do Munic\u00edpio para apreciar esta declara\u00e7\u00e3o art\u00edstica e refletir sobre a import\u00e2ncia da nossa a\u00e7\u00e3o coletiva para a constru\u00e7\u00e3o de uma sociedade mais justa e igualit\u00e1ria.[\/vc_column_text][vc_empty_space empty_h=&#8221;2&#8243;][vc_single_image media=&#8221;169680&#8243; media_width_percent=&#8221;60&#8243; alignment=&#8221;center&#8221;][vc_empty_space empty_h=&#8221;2&#8243;][\/vc_column][\/vc_row]<\/p>\n<\/div>","protected":false},"excerpt":{"rendered":"<p>Epralima e Munic\u00edpio de Ponte da Barca unem for\u00e7as contra a Viol\u00eancia Dom\u00e9stica com Mural Comunit\u00e1rio<\/p>\n","protected":false},"author":3,"featured_media":169680,"comment_status":"closed","ping_status":"closed","sticky":false,"template":"","format":"standard","meta":{"_acf_changed":false,"om_disable_all_campaigns":false,"_monsterinsights_skip_tracking":false,"_monsterinsights_sitenote_active":false,"_monsterinsights_sitenote_note":"","_monsterinsights_sitenote_category":0,"_uf_show_specific_survey":0,"_uf_disable_surveys":false,"footnotes":""},"categories":[116,117],"tags":[],"class_list":["post-169679","post","type-post","status-publish","format-standard","has-post-thumbnail","hentry","category-epralima","category-ensino-profissional"],"acf":[],"aioseo_notices":[],"_links":{"self":[{"href":"https:\/\/www.epralima.com\/website\/wp-json\/wp\/v2\/posts\/169679","targetHints":{"allow":["GET"]}}],"collection":[{"href":"https:\/\/www.epralima.com\/website\/wp-json\/wp\/v2\/posts"}],"about":[{"href":"https:\/\/www.epralima.com\/website\/wp-json\/wp\/v2\/types\/post"}],"author":[{"embeddable":true,"href":"https:\/\/www.epralima.com\/website\/wp-json\/wp\/v2\/users\/3"}],"replies":[{"embeddable":true,"href":"https:\/\/www.epralima.com\/website\/wp-json\/wp\/v2\/comments?post=169679"}],"version-history":[{"count":1,"href":"https:\/\/www.epralima.com\/website\/wp-json\/wp\/v2\/posts\/169679\/revisions"}],"predecessor-version":[{"id":169681,"href":"https:\/\/www.epralima.com\/website\/wp-json\/wp\/v2\/posts\/169679\/revisions\/169681"}],"wp:featuredmedia":[{"embeddable":true,"href":"https:\/\/www.epralima.com\/website\/wp-json\/wp\/v2\/media\/169680"}],"wp:attachment":[{"href":"https:\/\/www.epralima.com\/website\/wp-json\/wp\/v2\/media?parent=169679"}],"wp:term":[{"taxonomy":"category","embeddable":true,"href":"https:\/\/www.epralima.com\/website\/wp-json\/wp\/v2\/categories?post=169679"},{"taxonomy":"post_tag","embeddable":true,"href":"https:\/\/www.epralima.com\/website\/wp-json\/wp\/v2\/tags?post=169679"}],"curies":[{"name":"wp","href":"https:\/\/api.w.org\/{rel}","templated":true}]}}