{"id":169189,"date":"2025-07-16T15:18:19","date_gmt":"2025-07-16T15:18:19","guid":{"rendered":"https:\/\/www.epralima.com\/website\/?p=169189"},"modified":"2025-07-16T15:30:41","modified_gmt":"2025-07-16T15:30:41","slug":"ensino-profissional-impulsiona-emprego-jovem","status":"publish","type":"post","link":"https:\/\/www.epralima.com\/website\/2025\/07\/16\/ensino-profissional-impulsiona-emprego-jovem\/","title":{"rendered":"Ensino Profissional Impulsiona Emprego Jovem"},"content":{"rendered":"<div class=\"wpb-content-wrapper\"><p>[vc_row][vc_column][vc_empty_space empty_h=&#8221;2&#8243;][vc_custom_heading]<\/p>\n<h2>Cursos profissionais foram motor para o emprego e o empreendedorismo<\/h2>\n<p>[\/vc_custom_heading][vc_column_text]<\/p>\n<p class=\"x_MsoNormal\"><span lang=\"PT\" data-olk-copy-source=\"MessageBody\">Em v\u00e9speras das matr\u00edculas para o 10\u00ba ano de escolaridade, a Funda\u00e7\u00e3o lan\u00e7a um novo estudo que revela que os cursos profissionais foram motor para o emprego e o empreendedorismo.<\/span><\/p>\n<p class=\"x_MsoNormal\"><span lang=\"PT\" data-olk-copy-source=\"MessageBody\">Atualmente, 40% dos alunos do secund\u00e1rio est\u00e3o no ensino profissional. O aumento da oferta de novos cursos \u2013 mais de 4300 entre 2006 e 2008 \u2013 foi positivo para o sistema de ensino e para a economia. A maioria das ofertas est\u00e3o ligadas \u00e0 inform\u00e1tica, mas tamb\u00e9m \u00e0 hotelaria, restaura\u00e7\u00e3o ou ao turismo.<\/span><\/p>\n<p class=\"x_MsoNormal\"><span lang=\"PT\">Os dados revelam que que 72% dos jovens que conclu\u00edram o secund\u00e1rio pela via profissional, e n\u00e3o prosseguiram estudos, conseguiram emprego no prazo de um a dois anos, superando os 56% registados entre os do ensino geral. <\/span><\/p>\n<p class=\"x_MsoNormal\"><span lang=\"PT\">Tamb\u00e9m se destaca que, em 2023, a taxa de inatividade dos jovens entre os 25 e os 34 anos que completaram o ensino profissional foi de 5,6%, sendo consideravelmente mais baixa do que a dos jovens provenientes do ensino geral (10,6%), e ficando abaixo das m\u00e9dias da UE e da OCDE (cerca de 11%).\u201d<\/span><\/p>\n<p class=\"x_MsoNormal\"><span lang=\"PT\"><strong>Fonte:<\/strong> Funda\u00e7\u00e3o Francisco Manuel dos Santos. <\/span><\/p>\n<p>[\/vc_column_text][vc_empty_space empty_h=&#8221;2&#8243;][vc_row_inner][vc_column_inner width=&#8221;1\/2&#8243;][vc_single_image media=&#8221;169191&#8243; media_width_percent=&#8221;100&#8243; media_ratio=&#8221;one-one&#8221; alignment=&#8221;center&#8221;][\/vc_column_inner][vc_column_inner width=&#8221;1\/2&#8243;][vc_single_image media=&#8221;169190&#8243; media_width_percent=&#8221;100&#8243; media_ratio=&#8221;one-one&#8221; alignment=&#8221;center&#8221;][\/vc_column_inner][\/vc_row_inner][vc_empty_space empty_h=&#8221;2&#8243;][\/vc_column][\/vc_row]<\/p>\n<\/div>","protected":false},"excerpt":{"rendered":"<p>Em v\u00e9speras das matr\u00edculas para o 10\u00ba ano de escolaridade, a Funda\u00e7\u00e3o lan\u00e7a um novo estudo que revela que os cursos profissionais foram motor para o emprego e o empreendedorismo<\/p>\n","protected":false},"author":1,"featured_media":169191,"comment_status":"closed","ping_status":"closed","sticky":false,"template":"","format":"standard","meta":{"_acf_changed":false,"om_disable_all_campaigns":false,"_monsterinsights_skip_tracking":false,"_monsterinsights_sitenote_active":false,"_monsterinsights_sitenote_note":"","_monsterinsights_sitenote_category":0,"_uf_show_specific_survey":0,"_uf_disable_surveys":false,"footnotes":""},"categories":[117,128,136],"tags":[],"class_list":["post-169189","post","type-post","status-publish","format-standard","has-post-thumbnail","hentry","category-ensino-profissional","category-casos-de-sucesso","category-emprego"],"acf":[],"aioseo_notices":[],"_links":{"self":[{"href":"https:\/\/www.epralima.com\/website\/wp-json\/wp\/v2\/posts\/169189","targetHints":{"allow":["GET"]}}],"collection":[{"href":"https:\/\/www.epralima.com\/website\/wp-json\/wp\/v2\/posts"}],"about":[{"href":"https:\/\/www.epralima.com\/website\/wp-json\/wp\/v2\/types\/post"}],"author":[{"embeddable":true,"href":"https:\/\/www.epralima.com\/website\/wp-json\/wp\/v2\/users\/1"}],"replies":[{"embeddable":true,"href":"https:\/\/www.epralima.com\/website\/wp-json\/wp\/v2\/comments?post=169189"}],"version-history":[{"count":7,"href":"https:\/\/www.epralima.com\/website\/wp-json\/wp\/v2\/posts\/169189\/revisions"}],"predecessor-version":[{"id":169198,"href":"https:\/\/www.epralima.com\/website\/wp-json\/wp\/v2\/posts\/169189\/revisions\/169198"}],"wp:featuredmedia":[{"embeddable":true,"href":"https:\/\/www.epralima.com\/website\/wp-json\/wp\/v2\/media\/169191"}],"wp:attachment":[{"href":"https:\/\/www.epralima.com\/website\/wp-json\/wp\/v2\/media?parent=169189"}],"wp:term":[{"taxonomy":"category","embeddable":true,"href":"https:\/\/www.epralima.com\/website\/wp-json\/wp\/v2\/categories?post=169189"},{"taxonomy":"post_tag","embeddable":true,"href":"https:\/\/www.epralima.com\/website\/wp-json\/wp\/v2\/tags?post=169189"}],"curies":[{"name":"wp","href":"https:\/\/api.w.org\/{rel}","templated":true}]}}