{"id":168893,"date":"2025-05-15T11:31:47","date_gmt":"2025-05-15T11:31:47","guid":{"rendered":"https:\/\/www.epralima.com\/website\/?p=168893"},"modified":"2025-05-15T11:31:47","modified_gmt":"2025-05-15T11:31:47","slug":"projeto-uppeal-ltta","status":"publish","type":"post","link":"https:\/\/www.epralima.com\/website\/2025\/05\/15\/projeto-uppeal-ltta\/","title":{"rendered":"Projeto UPPeal &#8211; LTTA"},"content":{"rendered":"<div class=\"wpb-content-wrapper\"><p>[vc_row][vc_column width=&#8221;1\/1&#8243;][vc_custom_heading]<\/p>\n<h2>Epralima acolhe forma\u00e7\u00e3o internacional sobre mentoria com jovens NEET no \u00e2mbito do Projeto UPPeal<\/h2>\n<p>[\/vc_custom_heading][vc_empty_space empty_h=&#8221;2&#8243;][vc_column_text]Entre os dias 11 e 15 de maio, a <strong>Epralima \u2013 Escola Profissional do Alto Lima, C.I.P.R.L.<\/strong> \u2013 recebeu um grupo de 25 participantes provenientes de v\u00e1rios pa\u00edses europeus para uma forma\u00e7\u00e3o intensiva no \u00e2mbito do <a href=\"https:\/\/project-spaces.eu\/uppeal\/\">Projeto UPPeal<\/a>, centrada na mentoria com jovens NEET e em risco de exclus\u00e3o social.<\/p>\n<p>A semana iniciou com atividades l\u00fadicas e din\u00e2micas de grupo, que fomentaram um ambiente de confian\u00e7a e intera\u00e7\u00e3o entre os participantes. Estes momentos iniciais foram fundamentais para que os participantes se conhecessem melhor e partilhassem os seus percursos profissionais enquanto mentores de jovens em situa\u00e7\u00e3o de vulnerabilidade social.<\/p>\n<p>Durante os cinco dias de forma\u00e7\u00e3o, os participantes tiveram contacto com os m\u00f3dulos de e-mentoring desenvolvidos pela parceria do projeto, que abordam metodologias e ferramentas para o acompanhamento de jovens em ambientes digitais. Foram tamb\u00e9m apresentadas diversas <strong>ferramentas digitais<\/strong>, com o objetivo de <strong>capacitar os participantes com compet\u00eancias tecnol\u00f3gicas que potenciem a efic\u00e1cia da mentoria<\/strong>, especialmente no contexto de interven\u00e7\u00e3o com jovens desfavorecidos.<\/p>\n<p>Contamos com a presen\u00e7a de uma mentora especialista da <a href=\"https:\/\/www.scuolaitalianadimentoring.com\/\"><strong>SIM \u2013 Escola Italiana de Mentoria<\/strong><\/a>, cuja vasta experi\u00eancia trouxe uma perspetiva enriquecedora e especializada sobre o papel transformador do mentor no desenvolvimento pessoal e social de jovens desfavorecidos.<\/p>\n<p>A forma\u00e7\u00e3o incluiu ainda a apresenta\u00e7\u00e3o da Plataforma Moodle do Projeto UPPeal, que dar\u00e1 suporte cont\u00ednuo aos mentores atrav\u00e9s de conte\u00fados pedag\u00f3gicos, recursos interativos e espa\u00e7os colaborativos.<\/p>\n<p>Como parte integrante da forma\u00e7\u00e3o, foi realizada a visita t\u00e9cnica ao <a href=\"https:\/\/www.cmpb.pt\/ver.php?cod=0B0E0H\"><strong>Servi\u00e7o de A\u00e7\u00e3o Social, Sa\u00fade e Juventude da C\u00e2mara Municipal de Ponte da Barca<\/strong>.<\/a> Esta visita permitiu conhecer de perto as boas pr\u00e1ticas implementadas a n\u00edvel local, com especial enfoque nos projetos de interven\u00e7\u00e3o comunit\u00e1ria e estrat\u00e9gias de apoio a pessoas em situa\u00e7\u00e3o de vulnerabilidade. A troca de experi\u00eancias com os t\u00e9cnicos locais foi extremamente enriquecedora, demonstrando o impacto positivo de pol\u00edticas p\u00fablicas integradas e centradas na inclus\u00e3o social.<\/p>\n<p>Cofinanciado pelo programa<strong> Erasmus+<\/strong>, o Projeto UPPeal visa desenvolver solu\u00e7\u00f5es inovadoras e sustent\u00e1veis para apoiar jovens NEET, promovendo a mentoria \u2013 tanto presencial como digital \u2013 como um instrumento essencial de reativa\u00e7\u00e3o social e profissional.<\/p>\n<p>Com o Projeto UPPeal, a Epralima reafirma o seu compromisso com a inclus\u00e3o social, a inova\u00e7\u00e3o educativa e a coopera\u00e7\u00e3o europeia para o desenvolvimento de respostas eficazes aos desafios das novas gera\u00e7\u00f5es.[\/vc_column_text][vc_empty_space empty_h=&#8221;2&#8243;][vc_single_image media=&#8221;168894&#8243; media_width_percent=&#8221;60&#8243; alignment=&#8221;center&#8221;][vc_empty_space empty_h=&#8221;2&#8243;][\/vc_column][\/vc_row]<\/p>\n<\/div>","protected":false},"excerpt":{"rendered":"<p>Epralima acolhe forma\u00e7\u00e3o internacional sobre mentoria com jovens NEET no \u00e2mbito do Projeto UPPeal<\/p>\n","protected":false},"author":3,"featured_media":168894,"comment_status":"closed","ping_status":"closed","sticky":false,"template":"","format":"standard","meta":{"_acf_changed":false,"om_disable_all_campaigns":false,"_monsterinsights_skip_tracking":false,"_monsterinsights_sitenote_active":false,"_monsterinsights_sitenote_note":"","_monsterinsights_sitenote_category":0,"_uf_show_specific_survey":0,"_uf_disable_surveys":false,"footnotes":""},"categories":[116,119],"tags":[],"class_list":["post-168893","post","type-post","status-publish","format-standard","has-post-thumbnail","hentry","category-epralima","category-projetos-internacionais"],"acf":[],"aioseo_notices":[],"_links":{"self":[{"href":"https:\/\/www.epralima.com\/website\/wp-json\/wp\/v2\/posts\/168893","targetHints":{"allow":["GET"]}}],"collection":[{"href":"https:\/\/www.epralima.com\/website\/wp-json\/wp\/v2\/posts"}],"about":[{"href":"https:\/\/www.epralima.com\/website\/wp-json\/wp\/v2\/types\/post"}],"author":[{"embeddable":true,"href":"https:\/\/www.epralima.com\/website\/wp-json\/wp\/v2\/users\/3"}],"replies":[{"embeddable":true,"href":"https:\/\/www.epralima.com\/website\/wp-json\/wp\/v2\/comments?post=168893"}],"version-history":[{"count":1,"href":"https:\/\/www.epralima.com\/website\/wp-json\/wp\/v2\/posts\/168893\/revisions"}],"predecessor-version":[{"id":168895,"href":"https:\/\/www.epralima.com\/website\/wp-json\/wp\/v2\/posts\/168893\/revisions\/168895"}],"wp:featuredmedia":[{"embeddable":true,"href":"https:\/\/www.epralima.com\/website\/wp-json\/wp\/v2\/media\/168894"}],"wp:attachment":[{"href":"https:\/\/www.epralima.com\/website\/wp-json\/wp\/v2\/media?parent=168893"}],"wp:term":[{"taxonomy":"category","embeddable":true,"href":"https:\/\/www.epralima.com\/website\/wp-json\/wp\/v2\/categories?post=168893"},{"taxonomy":"post_tag","embeddable":true,"href":"https:\/\/www.epralima.com\/website\/wp-json\/wp\/v2\/tags?post=168893"}],"curies":[{"name":"wp","href":"https:\/\/api.w.org\/{rel}","templated":true}]}}