{"id":168629,"date":"2025-04-08T15:52:27","date_gmt":"2025-04-08T15:52:27","guid":{"rendered":"https:\/\/www.epralima.com\/website\/?p=168629"},"modified":"2025-04-08T15:54:06","modified_gmt":"2025-04-08T15:54:06","slug":"formacao-e-inovacao-em-lahti-projeto-ecoin-lub","status":"publish","type":"post","link":"https:\/\/www.epralima.com\/website\/2025\/04\/08\/formacao-e-inovacao-em-lahti-projeto-ecoin-lub\/","title":{"rendered":"Forma\u00e7\u00e3o e Inova\u00e7\u00e3o em Lahti: Projeto ECOIn.Lub"},"content":{"rendered":"<div class=\"wpb-content-wrapper\"><p>[vc_row][vc_column width=&#8221;1\/1&#8243;][vc_custom_heading]<\/p>\n<h2>Forma\u00e7\u00e3o e Inova\u00e7\u00e3o em Lahti: Projeto ECOIn.Lub<\/h2>\n<p>[\/vc_custom_heading][vc_empty_space empty_h=&#8221;2&#8243;][vc_column_text]Decorreu em Lahti, na Finl\u00e2ndia, de 24 a 27 de mar\u00e7o de 2025, a <strong>primeira forma\u00e7\u00e3o transnacional de professores do Ensino e Forma\u00e7\u00e3o Profissional, no \u00e2mbito do Projeto ECOIn.Lub, financiado pelo Programa Erasmus+<\/strong>.<\/p>\n<p>Nesta forma\u00e7\u00e3o participaram <strong>25 professores e formadores das 6 organiza\u00e7\u00f5es<\/strong> que integram a parceria:<\/p>\n<ul>\n<li>EPRALIMA &#8211; Escola Profissional do Alto Lima (Portugal);<\/li>\n<li>Instituto Polit\u00e9cnico de Viana do Castelo (Portugal);<\/li>\n<li>Zeynep Mehmet D\u00f6nmez Mesleki ve Teknik Anadolu Lisesi (Turquia);<\/li>\n<li>Professional School of Interior, Architecture and Woodworking &#8220;Hristo Botev\u201d (Bulg\u00e1ria);<\/li>\n<li>European Institute for Diplomacy and Policy (Pa\u00edses Baixos);<\/li>\n<li>Salpaus Further Education Regional Consortium (Finl\u00e2ndia).<\/li>\n<\/ul>\n<p>A forma\u00e7\u00e3o foi particularmente interessante para permitir a partilha de boas pr\u00e1ticas sobre as abordagens pedag\u00f3gicas mais adequadas para abordar a economia circular, o eco-empreendedorismo e o empreendedorismo social com os alunos do EFP, bem como refletir sobre como integrar diferentes m\u00e9todos e t\u00e9cnicas pedag\u00f3gicas, de forma din\u00e2mica e apelativa, colocando os formandos no centro do processo educativo, com foco nas necessidades dos alunos com menos oportunidades.<\/p>\n<p>Esta forma\u00e7\u00e3o foi tamb\u00e9m o primeiro momento em que os professores foram introduzidos \u00e0 conce\u00e7\u00e3o de um conjunto de recursos pedad\u00f3gicos interativos e digitais para apoiar os alunos no desenvolvimento de conhecimentos e de compet\u00eancias sobre a economia circular, o eco-empreendedorismo e o empreendedorismo social. Estes recursos educativos consistem em: um jogo digital interativo sobre economia circular, um jogo digital de estrat\u00e9gia sobre eco-empreendedorismo, um jogo digital de simula\u00e7\u00e3o sobre empreendedorismo social, v\u00eddeos pedag\u00f3gicos, infogr\u00e1ficos, mapas de fluxo mental, roteiros digitais.<\/p>\n<p>No decorrer desta forma\u00e7\u00e3o, a EPRALIMA teve a cargo a dinamiza\u00e7\u00e3o de dois World Caf\u00e9, pela coordenadora do projeto, C\u00e9lia Nunes.<\/p>\n<p>Esta metodologia consiste num processo de conversa\u00e7\u00e3o significativo que permite a um grupo de pessoas dialogar sobre perguntas poderosas, para gerar ideias, acordos e caminhos de a\u00e7\u00e3o criativos e inovadores. Este processo inspirador e que gerou resultados relevantes contou com o trabalho e a criatividade de mais quatro elementos da Epralima, Celeste Silva, Daniel Dias, Adriana Lima e Susana Barros.[\/vc_column_text][vc_empty_space empty_h=&#8221;2&#8243;][vc_single_image media=&#8221;168630&#8243; media_width_percent=&#8221;60&#8243; alignment=&#8221;center&#8221;][vc_empty_space empty_h=&#8221;2&#8243;][\/vc_column][\/vc_row]<\/p>\n<\/div>","protected":false},"excerpt":{"rendered":"<p>Decorreu em Lahti, na Finl\u00e2ndia, de 24 a 27 de mar\u00e7o de 2025, a primeira forma\u00e7\u00e3o transnacional de professores do Ensino e Forma\u00e7\u00e3o Profissional, no \u00e2mbito do Projeto ECOIn.Lub, financiado pelo Programa Erasmus+.<\/p>\n","protected":false},"author":3,"featured_media":168630,"comment_status":"closed","ping_status":"closed","sticky":false,"template":"","format":"standard","meta":{"_acf_changed":false,"om_disable_all_campaigns":false,"_monsterinsights_skip_tracking":false,"_monsterinsights_sitenote_active":false,"_monsterinsights_sitenote_note":"","_monsterinsights_sitenote_category":0,"_uf_show_specific_survey":0,"_uf_disable_surveys":false,"footnotes":""},"categories":[116,119],"tags":[],"class_list":["post-168629","post","type-post","status-publish","format-standard","has-post-thumbnail","hentry","category-epralima","category-projetos-internacionais"],"acf":[],"aioseo_notices":[],"_links":{"self":[{"href":"https:\/\/www.epralima.com\/website\/wp-json\/wp\/v2\/posts\/168629","targetHints":{"allow":["GET"]}}],"collection":[{"href":"https:\/\/www.epralima.com\/website\/wp-json\/wp\/v2\/posts"}],"about":[{"href":"https:\/\/www.epralima.com\/website\/wp-json\/wp\/v2\/types\/post"}],"author":[{"embeddable":true,"href":"https:\/\/www.epralima.com\/website\/wp-json\/wp\/v2\/users\/3"}],"replies":[{"embeddable":true,"href":"https:\/\/www.epralima.com\/website\/wp-json\/wp\/v2\/comments?post=168629"}],"version-history":[{"count":1,"href":"https:\/\/www.epralima.com\/website\/wp-json\/wp\/v2\/posts\/168629\/revisions"}],"predecessor-version":[{"id":168631,"href":"https:\/\/www.epralima.com\/website\/wp-json\/wp\/v2\/posts\/168629\/revisions\/168631"}],"wp:featuredmedia":[{"embeddable":true,"href":"https:\/\/www.epralima.com\/website\/wp-json\/wp\/v2\/media\/168630"}],"wp:attachment":[{"href":"https:\/\/www.epralima.com\/website\/wp-json\/wp\/v2\/media?parent=168629"}],"wp:term":[{"taxonomy":"category","embeddable":true,"href":"https:\/\/www.epralima.com\/website\/wp-json\/wp\/v2\/categories?post=168629"},{"taxonomy":"post_tag","embeddable":true,"href":"https:\/\/www.epralima.com\/website\/wp-json\/wp\/v2\/tags?post=168629"}],"curies":[{"name":"wp","href":"https:\/\/api.w.org\/{rel}","templated":true}]}}